{"id":338,"date":"2018-02-20T12:36:48","date_gmt":"2018-02-20T11:36:48","guid":{"rendered":"https:\/\/www.cftc-afr.fr\/?p=338"},"modified":"2018-02-20T12:42:17","modified_gmt":"2018-02-20T11:42:17","slug":"15-mars-journee-nationale-daction","status":"publish","type":"post","link":"https:\/\/www.cftc-afr.fr\/index.php\/2018\/02\/20\/15-mars-journee-nationale-daction\/","title":{"rendered":"Le 15 Mars, journ\u00e9e nationale d&rsquo;action"},"content":{"rendered":"<p>Le 15 mars prochain mobilisation des retrait\u00e9s contre la politique gouvernementale \u00e0 leur \u00e9gard.<!--more--><\/p>\n<p>Retrouvez le communiqu\u00e9 de presse de l&rsquo;intersyndicale :<\/p>\n\n<!-- G\u00e9n\u00e9ration r\u00e9alis\u00e9e avec Document Gallery. Obtenez votre version ici :http:\/\/wordpress.org\/extend\/plugins\/document-gallery -->\n<div id=\"document-gallery-1\" class=\"document-gallery\" data-shortcode='{\"id\":338,\"include\":\"340\",\"exclude\":\"\",\"columns\":1,\"fancy\":true,\"order\":\"ASC\",\"orderby\":\"post__in\",\"relation\":\"AND\",\"limit\":-1,\"mime_types\":\"application,video,text,audio,image\",\"paginate\":true,\"post_status\":\"any\",\"post_type\":\"attachment\",\"attachment_pg\":false,\"descriptions\":false,\"new_window\":true,\"skip\":0}' style='--dg-icon-width: 99%'>\n<div class='document-icon-row'>\n   <div class=\"document-icon\">\n      <a href=\"https:\/\/www.cftc-afr.fr\/wp-content\/uploads\/2018\/02\/2018-02-manif-retrait\u00e9s-15-mars-1.pdf\" target=\"_blank\">\n         <img decoding=\"async\" src=\"https:\/\/www.cftc-afr.fr\/wp-content\/uploads\/2018\/02\/2018-02-manif-retrait\u00e9s-15-mars-1-thumb.png\" title=\"2018 02 manif retrait\u00e9s 15 mars-1\" alt=\"2018 02 manif retrait\u00e9s 15 mars-1\" data-ext=\"pdf\"\/>\n         <span class=\"title\">2018 02 manif retrait\u00e9s 15 mars-1<\/span>\n      <\/a>\n   <\/div>\n\n<\/div>\n<\/div>\n<p>&nbsp;<\/p>\n","protected":false},"excerpt":{"rendered":"<p>Le 15 mars prochain mobilisation des retrait\u00e9s contre la politique gouvernementale \u00e0 leur \u00e9gard.<\/p>\n","protected":false},"author":1,"featured_media":341,"comment_status":"closed","ping_status":"closed","sticky":false,"template":"","format":"standard","meta":{"jetpack_post_was_ever_published":false,"_jetpack_newsletter_access":"","_jetpack_dont_email_post_to_subs":false,"_jetpack_newsletter_tier_id":0,"_jetpack_memberships_contains_paywalled_content":false,"_jetpack_memberships_contains_paid_content":false,"footnotes":"","jetpack_publicize_message":"","jetpack_publicize_feature_enabled":true,"jetpack_social_post_already_shared":false,"jetpack_social_options":{"image_generator_settings":{"template":"highway","default_image_id":0,"font":"","enabled":false},"version":2}},"categories":[4,3],"tags":[],"class_list":["post-338","post","type-post","status-publish","format-standard","has-post-thumbnail","hentry","category-actualites","category-evenement"],"yoast_head":"<!-- This site is optimized with the Yoast SEO plugin v27.4 - https:\/\/yoast.com\/product\/yoast-seo-wordpress\/ -->\n<title>Le 15 Mars, journ\u00e9e nationale d&#039;action - CFTC-AFR<\/title>\n<meta name=\"robots\" content=\"index, follow, max-snippet:-1, max-image-preview:large, max-video-preview:-1\" \/>\n<link rel=\"canonical\" href=\"https:\/\/www.cftc-afr.fr\/index.php\/2018\/02\/20\/15-mars-journee-nationale-daction\/\" \/>\n<meta property=\"og:locale\" content=\"fr_FR\" \/>\n<meta property=\"og:type\" content=\"article\" \/>\n<meta property=\"og:title\" content=\"Le 15 Mars, journ\u00e9e nationale d&#039;action - CFTC-AFR\" \/>\n<meta property=\"og:description\" content=\"Le 15 mars prochain mobilisation des retrait\u00e9s contre la politique gouvernementale \u00e0 leur \u00e9gard.\" \/>\n<meta property=\"og:url\" content=\"https:\/\/www.cftc-afr.fr\/index.php\/2018\/02\/20\/15-mars-journee-nationale-daction\/\" \/>\n<meta property=\"og:site_name\" content=\"CFTC-AFR\" \/>\n<meta property=\"article:published_time\" content=\"2018-02-20T11:36:48+00:00\" \/>\n<meta property=\"article:modified_time\" content=\"2018-02-20T11:42:17+00:00\" \/>\n<meta property=\"og:image\" content=\"https:\/\/www.cftc-afr.fr\/wp-content\/uploads\/2018\/02\/manif.jpg\" \/>\n\t<meta property=\"og:image:width\" content=\"220\" \/>\n\t<meta property=\"og:image:height\" content=\"220\" \/>\n\t<meta property=\"og:image:type\" content=\"image\/jpeg\" \/>\n<meta name=\"author\" content=\"webcsfv\" \/>\n<meta name=\"twitter:card\" content=\"summary_large_image\" \/>\n<meta name=\"twitter:label1\" content=\"\u00c9crit par\" \/>\n\t<meta name=\"twitter:data1\" content=\"webcsfv\" \/>\n<script type=\"application\/ld+json\" class=\"yoast-schema-graph\">{\"@context\":\"https:\\\/\\\/schema.org\",\"@graph\":[{\"@type\":\"Article\",\"@id\":\"https:\\\/\\\/www.cftc-afr.fr\\\/index.php\\\/2018\\\/02\\\/20\\\/15-mars-journee-nationale-daction\\\/#article\",\"isPartOf\":{\"@id\":\"https:\\\/\\\/www.cftc-afr.fr\\\/index.php\\\/2018\\\/02\\\/20\\\/15-mars-journee-nationale-daction\\\/\"},\"author\":{\"name\":\"webcsfv\",\"@id\":\"https:\\\/\\\/www.cftc-afr.fr\\\/#\\\/schema\\\/person\\\/053652abb78394970ba2d8c835ee0de7\"},\"headline\":\"Le 15 Mars, journ\u00e9e nationale d&rsquo;action\",\"datePublished\":\"2018-02-20T11:36:48+00:00\",\"dateModified\":\"2018-02-20T11:42:17+00:00\",\"mainEntityOfPage\":{\"@id\":\"https:\\\/\\\/www.cftc-afr.fr\\\/index.php\\\/2018\\\/02\\\/20\\\/15-mars-journee-nationale-daction\\\/\"},\"wordCount\":33,\"image\":{\"@id\":\"https:\\\/\\\/www.cftc-afr.fr\\\/index.php\\\/2018\\\/02\\\/20\\\/15-mars-journee-nationale-daction\\\/#primaryimage\"},\"thumbnailUrl\":\"https:\\\/\\\/www.cftc-afr.fr\\\/wp-content\\\/uploads\\\/2018\\\/02\\\/manif.jpg\",\"articleSection\":[\"Actualit\u00e9s\",\"\u00c9v\u00e8nement\"],\"inLanguage\":\"fr-FR\"},{\"@type\":\"WebPage\",\"@id\":\"https:\\\/\\\/www.cftc-afr.fr\\\/index.php\\\/2018\\\/02\\\/20\\\/15-mars-journee-nationale-daction\\\/\",\"url\":\"https:\\\/\\\/www.cftc-afr.fr\\\/index.php\\\/2018\\\/02\\\/20\\\/15-mars-journee-nationale-daction\\\/\",\"name\":\"Le 15 Mars, journ\u00e9e nationale d'action - CFTC-AFR\",\"isPartOf\":{\"@id\":\"https:\\\/\\\/www.cftc-afr.fr\\\/#website\"},\"primaryImageOfPage\":{\"@id\":\"https:\\\/\\\/www.cftc-afr.fr\\\/index.php\\\/2018\\\/02\\\/20\\\/15-mars-journee-nationale-daction\\\/#primaryimage\"},\"image\":{\"@id\":\"https:\\\/\\\/www.cftc-afr.fr\\\/index.php\\\/2018\\\/02\\\/20\\\/15-mars-journee-nationale-daction\\\/#primaryimage\"},\"thumbnailUrl\":\"https:\\\/\\\/www.cftc-afr.fr\\\/wp-content\\\/uploads\\\/2018\\\/02\\\/manif.jpg\",\"datePublished\":\"2018-02-20T11:36:48+00:00\",\"dateModified\":\"2018-02-20T11:42:17+00:00\",\"author\":{\"@id\":\"https:\\\/\\\/www.cftc-afr.fr\\\/#\\\/schema\\\/person\\\/053652abb78394970ba2d8c835ee0de7\"},\"breadcrumb\":{\"@id\":\"https:\\\/\\\/www.cftc-afr.fr\\\/index.php\\\/2018\\\/02\\\/20\\\/15-mars-journee-nationale-daction\\\/#breadcrumb\"},\"inLanguage\":\"fr-FR\",\"potentialAction\":[{\"@type\":\"ReadAction\",\"target\":[\"https:\\\/\\\/www.cftc-afr.fr\\\/index.php\\\/2018\\\/02\\\/20\\\/15-mars-journee-nationale-daction\\\/\"]}]},{\"@type\":\"ImageObject\",\"inLanguage\":\"fr-FR\",\"@id\":\"https:\\\/\\\/www.cftc-afr.fr\\\/index.php\\\/2018\\\/02\\\/20\\\/15-mars-journee-nationale-daction\\\/#primaryimage\",\"url\":\"https:\\\/\\\/www.cftc-afr.fr\\\/wp-content\\\/uploads\\\/2018\\\/02\\\/manif.jpg\",\"contentUrl\":\"https:\\\/\\\/www.cftc-afr.fr\\\/wp-content\\\/uploads\\\/2018\\\/02\\\/manif.jpg\",\"width\":220,\"height\":220},{\"@type\":\"BreadcrumbList\",\"@id\":\"https:\\\/\\\/www.cftc-afr.fr\\\/index.php\\\/2018\\\/02\\\/20\\\/15-mars-journee-nationale-daction\\\/#breadcrumb\",\"itemListElement\":[{\"@type\":\"ListItem\",\"position\":1,\"name\":\"Accueil\",\"item\":\"https:\\\/\\\/www.cftc-afr.fr\\\/\"},{\"@type\":\"ListItem\",\"position\":2,\"name\":\"Le 15 Mars, journ\u00e9e nationale d&rsquo;action\"}]},{\"@type\":\"WebSite\",\"@id\":\"https:\\\/\\\/www.cftc-afr.fr\\\/#website\",\"url\":\"https:\\\/\\\/www.cftc-afr.fr\\\/\",\"name\":\"CFTC-AFR\",\"description\":\"La vie \u00e0 d\u00e9fendre\",\"potentialAction\":[{\"@type\":\"SearchAction\",\"target\":{\"@type\":\"EntryPoint\",\"urlTemplate\":\"https:\\\/\\\/www.cftc-afr.fr\\\/?s={search_term_string}\"},\"query-input\":{\"@type\":\"PropertyValueSpecification\",\"valueRequired\":true,\"valueName\":\"search_term_string\"}}],\"inLanguage\":\"fr-FR\"},{\"@type\":\"Person\",\"@id\":\"https:\\\/\\\/www.cftc-afr.fr\\\/#\\\/schema\\\/person\\\/053652abb78394970ba2d8c835ee0de7\",\"name\":\"webcsfv\",\"image\":{\"@type\":\"ImageObject\",\"inLanguage\":\"fr-FR\",\"@id\":\"https:\\\/\\\/secure.gravatar.com\\\/avatar\\\/3d8bf08c8feaca537ce41c2b95cec6c85a8036a1687877b5eb7cb09dcb9b6f06?s=96&d=mm&r=g\",\"url\":\"https:\\\/\\\/secure.gravatar.com\\\/avatar\\\/3d8bf08c8feaca537ce41c2b95cec6c85a8036a1687877b5eb7cb09dcb9b6f06?s=96&d=mm&r=g\",\"contentUrl\":\"https:\\\/\\\/secure.gravatar.com\\\/avatar\\\/3d8bf08c8feaca537ce41c2b95cec6c85a8036a1687877b5eb7cb09dcb9b6f06?s=96&d=mm&r=g\",\"caption\":\"webcsfv\"},\"url\":\"https:\\\/\\\/www.cftc-afr.fr\\\/index.php\\\/author\\\/webcsfv\\\/\"}]}<\/script>\n<!-- \/ Yoast SEO plugin. -->","yoast_head_json":{"title":"Le 15 Mars, journ\u00e9e nationale d'action - CFTC-AFR","robots":{"index":"index","follow":"follow","max-snippet":"max-snippet:-1","max-image-preview":"max-image-preview:large","max-video-preview":"max-video-preview:-1"},"canonical":"https:\/\/www.cftc-afr.fr\/index.php\/2018\/02\/20\/15-mars-journee-nationale-daction\/","og_locale":"fr_FR","og_type":"article","og_title":"Le 15 Mars, journ\u00e9e nationale d'action - CFTC-AFR","og_description":"Le 15 mars prochain mobilisation des retrait\u00e9s contre la politique gouvernementale \u00e0 leur \u00e9gard.","og_url":"https:\/\/www.cftc-afr.fr\/index.php\/2018\/02\/20\/15-mars-journee-nationale-daction\/","og_site_name":"CFTC-AFR","article_published_time":"2018-02-20T11:36:48+00:00","article_modified_time":"2018-02-20T11:42:17+00:00","og_image":[{"width":220,"height":220,"url":"https:\/\/www.cftc-afr.fr\/wp-content\/uploads\/2018\/02\/manif.jpg","type":"image\/jpeg"}],"author":"webcsfv","twitter_card":"summary_large_image","twitter_misc":{"\u00c9crit par":"webcsfv"},"schema":{"@context":"https:\/\/schema.org","@graph":[{"@type":"Article","@id":"https:\/\/www.cftc-afr.fr\/index.php\/2018\/02\/20\/15-mars-journee-nationale-daction\/#article","isPartOf":{"@id":"https:\/\/www.cftc-afr.fr\/index.php\/2018\/02\/20\/15-mars-journee-nationale-daction\/"},"author":{"name":"webcsfv","@id":"https:\/\/www.cftc-afr.fr\/#\/schema\/person\/053652abb78394970ba2d8c835ee0de7"},"headline":"Le 15 Mars, journ\u00e9e nationale d&rsquo;action","datePublished":"2018-02-20T11:36:48+00:00","dateModified":"2018-02-20T11:42:17+00:00","mainEntityOfPage":{"@id":"https:\/\/www.cftc-afr.fr\/index.php\/2018\/02\/20\/15-mars-journee-nationale-daction\/"},"wordCount":33,"image":{"@id":"https:\/\/www.cftc-afr.fr\/index.php\/2018\/02\/20\/15-mars-journee-nationale-daction\/#primaryimage"},"thumbnailUrl":"https:\/\/www.cftc-afr.fr\/wp-content\/uploads\/2018\/02\/manif.jpg","articleSection":["Actualit\u00e9s","\u00c9v\u00e8nement"],"inLanguage":"fr-FR"},{"@type":"WebPage","@id":"https:\/\/www.cftc-afr.fr\/index.php\/2018\/02\/20\/15-mars-journee-nationale-daction\/","url":"https:\/\/www.cftc-afr.fr\/index.php\/2018\/02\/20\/15-mars-journee-nationale-daction\/","name":"Le 15 Mars, journ\u00e9e nationale d'action - CFTC-AFR","isPartOf":{"@id":"https:\/\/www.cftc-afr.fr\/#website"},"primaryImageOfPage":{"@id":"https:\/\/www.cftc-afr.fr\/index.php\/2018\/02\/20\/15-mars-journee-nationale-daction\/#primaryimage"},"image":{"@id":"https:\/\/www.cftc-afr.fr\/index.php\/2018\/02\/20\/15-mars-journee-nationale-daction\/#primaryimage"},"thumbnailUrl":"https:\/\/www.cftc-afr.fr\/wp-content\/uploads\/2018\/02\/manif.jpg","datePublished":"2018-02-20T11:36:48+00:00","dateModified":"2018-02-20T11:42:17+00:00","author":{"@id":"https:\/\/www.cftc-afr.fr\/#\/schema\/person\/053652abb78394970ba2d8c835ee0de7"},"breadcrumb":{"@id":"https:\/\/www.cftc-afr.fr\/index.php\/2018\/02\/20\/15-mars-journee-nationale-daction\/#breadcrumb"},"inLanguage":"fr-FR","potentialAction":[{"@type":"ReadAction","target":["https:\/\/www.cftc-afr.fr\/index.php\/2018\/02\/20\/15-mars-journee-nationale-daction\/"]}]},{"@type":"ImageObject","inLanguage":"fr-FR","@id":"https:\/\/www.cftc-afr.fr\/index.php\/2018\/02\/20\/15-mars-journee-nationale-daction\/#primaryimage","url":"https:\/\/www.cftc-afr.fr\/wp-content\/uploads\/2018\/02\/manif.jpg","contentUrl":"https:\/\/www.cftc-afr.fr\/wp-content\/uploads\/2018\/02\/manif.jpg","width":220,"height":220},{"@type":"BreadcrumbList","@id":"https:\/\/www.cftc-afr.fr\/index.php\/2018\/02\/20\/15-mars-journee-nationale-daction\/#breadcrumb","itemListElement":[{"@type":"ListItem","position":1,"name":"Accueil","item":"https:\/\/www.cftc-afr.fr\/"},{"@type":"ListItem","position":2,"name":"Le 15 Mars, journ\u00e9e nationale d&rsquo;action"}]},{"@type":"WebSite","@id":"https:\/\/www.cftc-afr.fr\/#website","url":"https:\/\/www.cftc-afr.fr\/","name":"CFTC-AFR","description":"La vie \u00e0 d\u00e9fendre","potentialAction":[{"@type":"SearchAction","target":{"@type":"EntryPoint","urlTemplate":"https:\/\/www.cftc-afr.fr\/?s={search_term_string}"},"query-input":{"@type":"PropertyValueSpecification","valueRequired":true,"valueName":"search_term_string"}}],"inLanguage":"fr-FR"},{"@type":"Person","@id":"https:\/\/www.cftc-afr.fr\/#\/schema\/person\/053652abb78394970ba2d8c835ee0de7","name":"webcsfv","image":{"@type":"ImageObject","inLanguage":"fr-FR","@id":"https:\/\/secure.gravatar.com\/avatar\/3d8bf08c8feaca537ce41c2b95cec6c85a8036a1687877b5eb7cb09dcb9b6f06?s=96&d=mm&r=g","url":"https:\/\/secure.gravatar.com\/avatar\/3d8bf08c8feaca537ce41c2b95cec6c85a8036a1687877b5eb7cb09dcb9b6f06?s=96&d=mm&r=g","contentUrl":"https:\/\/secure.gravatar.com\/avatar\/3d8bf08c8feaca537ce41c2b95cec6c85a8036a1687877b5eb7cb09dcb9b6f06?s=96&d=mm&r=g","caption":"webcsfv"},"url":"https:\/\/www.cftc-afr.fr\/index.php\/author\/webcsfv\/"}]}},"jetpack_publicize_connections":[],"jetpack_featured_media_url":"https:\/\/www.cftc-afr.fr\/wp-content\/uploads\/2018\/02\/manif.jpg","jetpack_sharing_enabled":true,"jetpack_shortlink":"https:\/\/wp.me\/pauKx7-5s","_links":{"self":[{"href":"https:\/\/www.cftc-afr.fr\/index.php\/wp-json\/wp\/v2\/posts\/338","targetHints":{"allow":["GET"]}}],"collection":[{"href":"https:\/\/www.cftc-afr.fr\/index.php\/wp-json\/wp\/v2\/posts"}],"about":[{"href":"https:\/\/www.cftc-afr.fr\/index.php\/wp-json\/wp\/v2\/types\/post"}],"author":[{"embeddable":true,"href":"https:\/\/www.cftc-afr.fr\/index.php\/wp-json\/wp\/v2\/users\/1"}],"replies":[{"embeddable":true,"href":"https:\/\/www.cftc-afr.fr\/index.php\/wp-json\/wp\/v2\/comments?post=338"}],"version-history":[{"count":5,"href":"https:\/\/www.cftc-afr.fr\/index.php\/wp-json\/wp\/v2\/posts\/338\/revisions"}],"predecessor-version":[{"id":345,"href":"https:\/\/www.cftc-afr.fr\/index.php\/wp-json\/wp\/v2\/posts\/338\/revisions\/345"}],"wp:featuredmedia":[{"embeddable":true,"href":"https:\/\/www.cftc-afr.fr\/index.php\/wp-json\/wp\/v2\/media\/341"}],"wp:attachment":[{"href":"https:\/\/www.cftc-afr.fr\/index.php\/wp-json\/wp\/v2\/media?parent=338"}],"wp:term":[{"taxonomy":"category","embeddable":true,"href":"https:\/\/www.cftc-afr.fr\/index.php\/wp-json\/wp\/v2\/categories?post=338"},{"taxonomy":"post_tag","embeddable":true,"href":"https:\/\/www.cftc-afr.fr\/index.php\/wp-json\/wp\/v2\/tags?post=338"}],"curies":[{"name":"wp","href":"https:\/\/api.w.org\/{rel}","templated":true}]}}