{"id":33,"date":"2016-03-07T14:30:22","date_gmt":"2016-03-07T13:30:22","guid":{"rendered":"http:\/\/92.103.97.114\/adh\/wdp_afr\/?p=33"},"modified":"2016-07-05T11:20:55","modified_gmt":"2016-07-05T10:20:55","slug":"une-journee-a-saint-denis","status":"publish","type":"post","link":"https:\/\/www.cftc-afr.fr\/index.php\/2016\/03\/07\/une-journee-a-saint-denis\/","title":{"rendered":"Une journ\u00e9e \u00e0 Saint Denis"},"content":{"rendered":"<p>En ce 2 d\u00e9cembre, les membres de l\u2019AFR se sont retrouv\u00e9s \u00e0 Saint Denis \u00e0\u00a0l\u2019invitation du groupe d\u2019assurances GENERALI dans les locaux de cette\u00a0soci\u00e9t\u00e9.<!--more--><br \/>\nApr\u00e8s un petit-d\u00e9jeuner d\u2019accueil, la matin\u00e9e fut consacr\u00e9e (\u00e0 Saint Denis,\u00a0c\u2019est la moindre des choses), \u00e0 une pr\u00e9sentation du groupe GENERALI\u00a0(Michel Estimbre et Jean Marc Darras) suivie d\u2019une sensibilisation sur la\u00a0D\u00e9pendance, les co\u00fbts, les solutions etc.<\/p>\n<p>Nous e\u00fbmes droit\u00a0ensuite \u00e0 un lunch-cocktail\u00a0offert par nos\u00a0h\u00f4tes.<\/p>\n<p>Ce fut ensuite la visite et la d\u00e9couverte du Stade de France, ses rues\u00a0int\u00e9rieures, ses coulisses (h\u00f4pital, prison), les vestiaires et pour finir la\u00a0pelouse. Cette visite, un peu plus de 15 jours apr\u00e8s les attentats du 13\u00a0novembre, nous a r\u00e9concili\u00e9 avec l\u2019endroit et sportif ou pas nous a enchant\u00e9.<br \/>\nMerci encore \u00e0 GENERALI pour l\u2019organisation de cette agr\u00e9able journ\u00e9e.<\/p>\n","protected":false},"excerpt":{"rendered":"<p>En ce 2 d\u00e9cembre, les membres de l\u2019AFR se sont retrouv\u00e9s \u00e0 Saint Denis \u00e0\u00a0l\u2019invitation du groupe d\u2019assurances GENERALI dans les locaux de cette\u00a0soci\u00e9t\u00e9.<\/p>\n","protected":false},"author":1,"featured_media":0,"comment_status":"closed","ping_status":"closed","sticky":false,"template":"","format":"standard","meta":{"jetpack_post_was_ever_published":false,"_jetpack_newsletter_access":"","_jetpack_dont_email_post_to_subs":false,"_jetpack_newsletter_tier_id":0,"_jetpack_memberships_contains_paywalled_content":false,"_jetpack_memberships_contains_paid_content":false,"footnotes":"","jetpack_publicize_message":"","jetpack_publicize_feature_enabled":true,"jetpack_social_post_already_shared":false,"jetpack_social_options":{"image_generator_settings":{"template":"highway","default_image_id":0,"font":"","enabled":false},"version":2}},"categories":[3],"tags":[],"class_list":["post-33","post","type-post","status-publish","format-standard","hentry","category-evenement"],"yoast_head":"<!-- This site is optimized with the Yoast SEO plugin v27.5 - https:\/\/yoast.com\/product\/yoast-seo-wordpress\/ -->\n<title>Une journ\u00e9e \u00e0 Saint Denis - CFTC-AFR<\/title>\n<meta name=\"robots\" content=\"index, follow, max-snippet:-1, max-image-preview:large, max-video-preview:-1\" \/>\n<link rel=\"canonical\" href=\"https:\/\/www.cftc-afr.fr\/index.php\/2016\/03\/07\/une-journee-a-saint-denis\/\" \/>\n<meta property=\"og:locale\" content=\"fr_FR\" \/>\n<meta property=\"og:type\" content=\"article\" \/>\n<meta property=\"og:title\" content=\"Une journ\u00e9e \u00e0 Saint Denis - CFTC-AFR\" \/>\n<meta property=\"og:description\" content=\"En ce 2 d\u00e9cembre, les membres de l\u2019AFR se sont retrouv\u00e9s \u00e0 Saint Denis \u00e0\u00a0l\u2019invitation du groupe d\u2019assurances GENERALI dans les locaux de cette\u00a0soci\u00e9t\u00e9.\" \/>\n<meta property=\"og:url\" content=\"https:\/\/www.cftc-afr.fr\/index.php\/2016\/03\/07\/une-journee-a-saint-denis\/\" \/>\n<meta property=\"og:site_name\" content=\"CFTC-AFR\" \/>\n<meta property=\"article:published_time\" content=\"2016-03-07T13:30:22+00:00\" \/>\n<meta property=\"article:modified_time\" content=\"2016-07-05T10:20:55+00:00\" \/>\n<meta name=\"author\" content=\"webcsfv\" \/>\n<meta name=\"twitter:card\" content=\"summary_large_image\" \/>\n<meta name=\"twitter:label1\" content=\"\u00c9crit par\" \/>\n\t<meta name=\"twitter:data1\" content=\"webcsfv\" \/>\n\t<meta name=\"twitter:label2\" content=\"Dur\u00e9e de lecture estim\u00e9e\" \/>\n\t<meta name=\"twitter:data2\" content=\"1 minute\" \/>\n<script type=\"application\/ld+json\" class=\"yoast-schema-graph\">{\"@context\":\"https:\\\/\\\/schema.org\",\"@graph\":[{\"@type\":\"Article\",\"@id\":\"https:\\\/\\\/www.cftc-afr.fr\\\/index.php\\\/2016\\\/03\\\/07\\\/une-journee-a-saint-denis\\\/#article\",\"isPartOf\":{\"@id\":\"https:\\\/\\\/www.cftc-afr.fr\\\/index.php\\\/2016\\\/03\\\/07\\\/une-journee-a-saint-denis\\\/\"},\"author\":{\"name\":\"webcsfv\",\"@id\":\"https:\\\/\\\/www.cftc-afr.fr\\\/#\\\/schema\\\/person\\\/053652abb78394970ba2d8c835ee0de7\"},\"headline\":\"Une journ\u00e9e \u00e0 Saint Denis\",\"datePublished\":\"2016-03-07T13:30:22+00:00\",\"dateModified\":\"2016-07-05T10:20:55+00:00\",\"mainEntityOfPage\":{\"@id\":\"https:\\\/\\\/www.cftc-afr.fr\\\/index.php\\\/2016\\\/03\\\/07\\\/une-journee-a-saint-denis\\\/\"},\"wordCount\":161,\"articleSection\":[\"\u00c9v\u00e8nement\"],\"inLanguage\":\"fr-FR\"},{\"@type\":\"WebPage\",\"@id\":\"https:\\\/\\\/www.cftc-afr.fr\\\/index.php\\\/2016\\\/03\\\/07\\\/une-journee-a-saint-denis\\\/\",\"url\":\"https:\\\/\\\/www.cftc-afr.fr\\\/index.php\\\/2016\\\/03\\\/07\\\/une-journee-a-saint-denis\\\/\",\"name\":\"Une journ\u00e9e \u00e0 Saint Denis - CFTC-AFR\",\"isPartOf\":{\"@id\":\"https:\\\/\\\/www.cftc-afr.fr\\\/#website\"},\"datePublished\":\"2016-03-07T13:30:22+00:00\",\"dateModified\":\"2016-07-05T10:20:55+00:00\",\"author\":{\"@id\":\"https:\\\/\\\/www.cftc-afr.fr\\\/#\\\/schema\\\/person\\\/053652abb78394970ba2d8c835ee0de7\"},\"breadcrumb\":{\"@id\":\"https:\\\/\\\/www.cftc-afr.fr\\\/index.php\\\/2016\\\/03\\\/07\\\/une-journee-a-saint-denis\\\/#breadcrumb\"},\"inLanguage\":\"fr-FR\",\"potentialAction\":[{\"@type\":\"ReadAction\",\"target\":[\"https:\\\/\\\/www.cftc-afr.fr\\\/index.php\\\/2016\\\/03\\\/07\\\/une-journee-a-saint-denis\\\/\"]}]},{\"@type\":\"BreadcrumbList\",\"@id\":\"https:\\\/\\\/www.cftc-afr.fr\\\/index.php\\\/2016\\\/03\\\/07\\\/une-journee-a-saint-denis\\\/#breadcrumb\",\"itemListElement\":[{\"@type\":\"ListItem\",\"position\":1,\"name\":\"Accueil\",\"item\":\"https:\\\/\\\/www.cftc-afr.fr\\\/\"},{\"@type\":\"ListItem\",\"position\":2,\"name\":\"Une journ\u00e9e \u00e0 Saint Denis\"}]},{\"@type\":\"WebSite\",\"@id\":\"https:\\\/\\\/www.cftc-afr.fr\\\/#website\",\"url\":\"https:\\\/\\\/www.cftc-afr.fr\\\/\",\"name\":\"CFTC-AFR\",\"description\":\"La vie \u00e0 d\u00e9fendre\",\"potentialAction\":[{\"@type\":\"SearchAction\",\"target\":{\"@type\":\"EntryPoint\",\"urlTemplate\":\"https:\\\/\\\/www.cftc-afr.fr\\\/?s={search_term_string}\"},\"query-input\":{\"@type\":\"PropertyValueSpecification\",\"valueRequired\":true,\"valueName\":\"search_term_string\"}}],\"inLanguage\":\"fr-FR\"},{\"@type\":\"Person\",\"@id\":\"https:\\\/\\\/www.cftc-afr.fr\\\/#\\\/schema\\\/person\\\/053652abb78394970ba2d8c835ee0de7\",\"name\":\"webcsfv\",\"image\":{\"@type\":\"ImageObject\",\"inLanguage\":\"fr-FR\",\"@id\":\"https:\\\/\\\/secure.gravatar.com\\\/avatar\\\/3d8bf08c8feaca537ce41c2b95cec6c85a8036a1687877b5eb7cb09dcb9b6f06?s=96&d=mm&r=g\",\"url\":\"https:\\\/\\\/secure.gravatar.com\\\/avatar\\\/3d8bf08c8feaca537ce41c2b95cec6c85a8036a1687877b5eb7cb09dcb9b6f06?s=96&d=mm&r=g\",\"contentUrl\":\"https:\\\/\\\/secure.gravatar.com\\\/avatar\\\/3d8bf08c8feaca537ce41c2b95cec6c85a8036a1687877b5eb7cb09dcb9b6f06?s=96&d=mm&r=g\",\"caption\":\"webcsfv\"},\"url\":\"https:\\\/\\\/www.cftc-afr.fr\\\/index.php\\\/author\\\/webcsfv\\\/\"}]}<\/script>\n<!-- \/ Yoast SEO plugin. -->","yoast_head_json":{"title":"Une journ\u00e9e \u00e0 Saint Denis - CFTC-AFR","robots":{"index":"index","follow":"follow","max-snippet":"max-snippet:-1","max-image-preview":"max-image-preview:large","max-video-preview":"max-video-preview:-1"},"canonical":"https:\/\/www.cftc-afr.fr\/index.php\/2016\/03\/07\/une-journee-a-saint-denis\/","og_locale":"fr_FR","og_type":"article","og_title":"Une journ\u00e9e \u00e0 Saint Denis - CFTC-AFR","og_description":"En ce 2 d\u00e9cembre, les membres de l\u2019AFR se sont retrouv\u00e9s \u00e0 Saint Denis \u00e0\u00a0l\u2019invitation du groupe d\u2019assurances GENERALI dans les locaux de cette\u00a0soci\u00e9t\u00e9.","og_url":"https:\/\/www.cftc-afr.fr\/index.php\/2016\/03\/07\/une-journee-a-saint-denis\/","og_site_name":"CFTC-AFR","article_published_time":"2016-03-07T13:30:22+00:00","article_modified_time":"2016-07-05T10:20:55+00:00","author":"webcsfv","twitter_card":"summary_large_image","twitter_misc":{"\u00c9crit par":"webcsfv","Dur\u00e9e de lecture estim\u00e9e":"1 minute"},"schema":{"@context":"https:\/\/schema.org","@graph":[{"@type":"Article","@id":"https:\/\/www.cftc-afr.fr\/index.php\/2016\/03\/07\/une-journee-a-saint-denis\/#article","isPartOf":{"@id":"https:\/\/www.cftc-afr.fr\/index.php\/2016\/03\/07\/une-journee-a-saint-denis\/"},"author":{"name":"webcsfv","@id":"https:\/\/www.cftc-afr.fr\/#\/schema\/person\/053652abb78394970ba2d8c835ee0de7"},"headline":"Une journ\u00e9e \u00e0 Saint Denis","datePublished":"2016-03-07T13:30:22+00:00","dateModified":"2016-07-05T10:20:55+00:00","mainEntityOfPage":{"@id":"https:\/\/www.cftc-afr.fr\/index.php\/2016\/03\/07\/une-journee-a-saint-denis\/"},"wordCount":161,"articleSection":["\u00c9v\u00e8nement"],"inLanguage":"fr-FR"},{"@type":"WebPage","@id":"https:\/\/www.cftc-afr.fr\/index.php\/2016\/03\/07\/une-journee-a-saint-denis\/","url":"https:\/\/www.cftc-afr.fr\/index.php\/2016\/03\/07\/une-journee-a-saint-denis\/","name":"Une journ\u00e9e \u00e0 Saint Denis - CFTC-AFR","isPartOf":{"@id":"https:\/\/www.cftc-afr.fr\/#website"},"datePublished":"2016-03-07T13:30:22+00:00","dateModified":"2016-07-05T10:20:55+00:00","author":{"@id":"https:\/\/www.cftc-afr.fr\/#\/schema\/person\/053652abb78394970ba2d8c835ee0de7"},"breadcrumb":{"@id":"https:\/\/www.cftc-afr.fr\/index.php\/2016\/03\/07\/une-journee-a-saint-denis\/#breadcrumb"},"inLanguage":"fr-FR","potentialAction":[{"@type":"ReadAction","target":["https:\/\/www.cftc-afr.fr\/index.php\/2016\/03\/07\/une-journee-a-saint-denis\/"]}]},{"@type":"BreadcrumbList","@id":"https:\/\/www.cftc-afr.fr\/index.php\/2016\/03\/07\/une-journee-a-saint-denis\/#breadcrumb","itemListElement":[{"@type":"ListItem","position":1,"name":"Accueil","item":"https:\/\/www.cftc-afr.fr\/"},{"@type":"ListItem","position":2,"name":"Une journ\u00e9e \u00e0 Saint Denis"}]},{"@type":"WebSite","@id":"https:\/\/www.cftc-afr.fr\/#website","url":"https:\/\/www.cftc-afr.fr\/","name":"CFTC-AFR","description":"La vie \u00e0 d\u00e9fendre","potentialAction":[{"@type":"SearchAction","target":{"@type":"EntryPoint","urlTemplate":"https:\/\/www.cftc-afr.fr\/?s={search_term_string}"},"query-input":{"@type":"PropertyValueSpecification","valueRequired":true,"valueName":"search_term_string"}}],"inLanguage":"fr-FR"},{"@type":"Person","@id":"https:\/\/www.cftc-afr.fr\/#\/schema\/person\/053652abb78394970ba2d8c835ee0de7","name":"webcsfv","image":{"@type":"ImageObject","inLanguage":"fr-FR","@id":"https:\/\/secure.gravatar.com\/avatar\/3d8bf08c8feaca537ce41c2b95cec6c85a8036a1687877b5eb7cb09dcb9b6f06?s=96&d=mm&r=g","url":"https:\/\/secure.gravatar.com\/avatar\/3d8bf08c8feaca537ce41c2b95cec6c85a8036a1687877b5eb7cb09dcb9b6f06?s=96&d=mm&r=g","contentUrl":"https:\/\/secure.gravatar.com\/avatar\/3d8bf08c8feaca537ce41c2b95cec6c85a8036a1687877b5eb7cb09dcb9b6f06?s=96&d=mm&r=g","caption":"webcsfv"},"url":"https:\/\/www.cftc-afr.fr\/index.php\/author\/webcsfv\/"}]}},"jetpack_publicize_connections":[],"jetpack_featured_media_url":"","jetpack_sharing_enabled":true,"jetpack_shortlink":"https:\/\/wp.me\/pauKx7-x","_links":{"self":[{"href":"https:\/\/www.cftc-afr.fr\/index.php\/wp-json\/wp\/v2\/posts\/33","targetHints":{"allow":["GET"]}}],"collection":[{"href":"https:\/\/www.cftc-afr.fr\/index.php\/wp-json\/wp\/v2\/posts"}],"about":[{"href":"https:\/\/www.cftc-afr.fr\/index.php\/wp-json\/wp\/v2\/types\/post"}],"author":[{"embeddable":true,"href":"https:\/\/www.cftc-afr.fr\/index.php\/wp-json\/wp\/v2\/users\/1"}],"replies":[{"embeddable":true,"href":"https:\/\/www.cftc-afr.fr\/index.php\/wp-json\/wp\/v2\/comments?post=33"}],"version-history":[{"count":2,"href":"https:\/\/www.cftc-afr.fr\/index.php\/wp-json\/wp\/v2\/posts\/33\/revisions"}],"predecessor-version":[{"id":128,"href":"https:\/\/www.cftc-afr.fr\/index.php\/wp-json\/wp\/v2\/posts\/33\/revisions\/128"}],"wp:attachment":[{"href":"https:\/\/www.cftc-afr.fr\/index.php\/wp-json\/wp\/v2\/media?parent=33"}],"wp:term":[{"taxonomy":"category","embeddable":true,"href":"https:\/\/www.cftc-afr.fr\/index.php\/wp-json\/wp\/v2\/categories?post=33"},{"taxonomy":"post_tag","embeddable":true,"href":"https:\/\/www.cftc-afr.fr\/index.php\/wp-json\/wp\/v2\/tags?post=33"}],"curies":[{"name":"wp","href":"https:\/\/api.w.org\/{rel}","templated":true}]}}