{"id":324,"date":"2017-10-02T11:29:47","date_gmt":"2017-10-02T10:29:47","guid":{"rendered":"https:\/\/www.cftc-afr.fr\/?p=324"},"modified":"2017-10-02T11:30:05","modified_gmt":"2017-10-02T10:30:05","slug":"non-a-hausse-de-csg","status":"publish","type":"post","link":"https:\/\/www.cftc-afr.fr\/index.php\/2017\/10\/02\/non-a-hausse-de-csg\/","title":{"rendered":"NON \u00e0 la hausse de la CSG"},"content":{"rendered":"<p><span style=\"font-family: helvetica, arial, sans-serif;\">Ce jeudi 28 septembre 2017, l\u2019AFR \u00e9tait bien pr\u00e9sente \u00e0 la manifestation organis\u00e9e par l\u2019intersyndicale des retrait\u00e9s dont l\u2019UNAR.<!--more--><\/span><\/p>\n<p><span style=\"font-family: helvetica, arial, sans-serif;\">En illustration, quelques photos de la pr\u00e9sence parisienne \u00e0 cette marche organis\u00e9e entre l\u2019Op\u00e9ra et Miromesnil. Nul doute que nos amis provinciaux avaient rejoint les cort\u00e8ges organis\u00e9s dans leurs capitales r\u00e9gionales.<\/span><\/p>\n<p><span style=\"font-family: helvetica, arial, sans-serif;\">Rappelons encore le mot d\u2019ordre de l\u2019intersyndicale\u00a0:<\/span><\/p>\n<p style=\"text-align: center;\"><span style=\"color: #ff0000;\"><strong><span style=\"font-family: helvetica, arial, sans-serif;\">REFUS DE LA HAUSSE DE LA CSG<\/span><\/strong><\/span><\/p>\n<p style=\"text-align: center;\"><span style=\"color: #ff0000;\"><strong><span style=\"font-family: helvetica, arial, sans-serif;\">NOUS EXIGEONS LA REVALORISATION DES PENSIONS EN PRENANT EN COMPTE L\u2019\u00c9VOLUTION DES SALAIRES<\/span><\/strong><\/span><\/p>\n<p><span style=\"font-family: helvetica, arial, sans-serif;\"><\/span><\/p>\n","protected":false},"excerpt":{"rendered":"<p>Ce jeudi 28 septembre 2017, l\u2019AFR \u00e9tait bien pr\u00e9sente \u00e0 la manifestation organis\u00e9e par l\u2019intersyndicale des retrait\u00e9s dont l\u2019UNAR.<\/p>\n","protected":false},"author":1,"featured_media":321,"comment_status":"closed","ping_status":"closed","sticky":false,"template":"","format":"standard","meta":{"jetpack_post_was_ever_published":false,"_jetpack_newsletter_access":"","_jetpack_dont_email_post_to_subs":false,"_jetpack_newsletter_tier_id":0,"_jetpack_memberships_contains_paywalled_content":false,"_jetpack_memberships_contains_paid_content":false,"footnotes":"","jetpack_publicize_message":"","jetpack_publicize_feature_enabled":true,"jetpack_social_post_already_shared":false,"jetpack_social_options":{"image_generator_settings":{"template":"highway","default_image_id":0,"font":"","enabled":false},"version":2}},"categories":[4],"tags":[],"class_list":["post-324","post","type-post","status-publish","format-standard","has-post-thumbnail","hentry","category-actualites"],"yoast_head":"<!-- This site is optimized with the Yoast SEO plugin v27.5 - https:\/\/yoast.com\/product\/yoast-seo-wordpress\/ -->\n<title>NON \u00e0 la hausse de la CSG - CFTC-AFR<\/title>\n<meta name=\"robots\" content=\"index, follow, max-snippet:-1, max-image-preview:large, max-video-preview:-1\" \/>\n<link rel=\"canonical\" href=\"https:\/\/www.cftc-afr.fr\/index.php\/2017\/10\/02\/non-a-hausse-de-csg\/\" \/>\n<meta property=\"og:locale\" content=\"fr_FR\" \/>\n<meta property=\"og:type\" content=\"article\" \/>\n<meta property=\"og:title\" content=\"NON \u00e0 la hausse de la CSG - CFTC-AFR\" \/>\n<meta property=\"og:description\" content=\"Ce jeudi 28 septembre 2017, l\u2019AFR \u00e9tait bien pr\u00e9sente \u00e0 la manifestation organis\u00e9e par l\u2019intersyndicale des retrait\u00e9s dont l\u2019UNAR.\" \/>\n<meta property=\"og:url\" content=\"https:\/\/www.cftc-afr.fr\/index.php\/2017\/10\/02\/non-a-hausse-de-csg\/\" \/>\n<meta property=\"og:site_name\" content=\"CFTC-AFR\" \/>\n<meta property=\"article:published_time\" content=\"2017-10-02T10:29:47+00:00\" \/>\n<meta property=\"article:modified_time\" content=\"2017-10-02T10:30:05+00:00\" \/>\n<meta property=\"og:image\" content=\"https:\/\/www.cftc-afr.fr\/wp-content\/uploads\/2017\/10\/manif-28-09-2017.jpg\" \/>\n\t<meta property=\"og:image:width\" content=\"200\" \/>\n\t<meta property=\"og:image:height\" content=\"200\" \/>\n\t<meta property=\"og:image:type\" content=\"image\/jpeg\" \/>\n<meta name=\"author\" content=\"webcsfv\" \/>\n<meta name=\"twitter:card\" content=\"summary_large_image\" \/>\n<meta name=\"twitter:label1\" content=\"\u00c9crit par\" \/>\n\t<meta name=\"twitter:data1\" content=\"webcsfv\" \/>\n<script type=\"application\/ld+json\" class=\"yoast-schema-graph\">{\"@context\":\"https:\\\/\\\/schema.org\",\"@graph\":[{\"@type\":\"Article\",\"@id\":\"https:\\\/\\\/www.cftc-afr.fr\\\/index.php\\\/2017\\\/10\\\/02\\\/non-a-hausse-de-csg\\\/#article\",\"isPartOf\":{\"@id\":\"https:\\\/\\\/www.cftc-afr.fr\\\/index.php\\\/2017\\\/10\\\/02\\\/non-a-hausse-de-csg\\\/\"},\"author\":{\"name\":\"webcsfv\",\"@id\":\"https:\\\/\\\/www.cftc-afr.fr\\\/#\\\/schema\\\/person\\\/053652abb78394970ba2d8c835ee0de7\"},\"headline\":\"NON \u00e0 la hausse de la CSG\",\"datePublished\":\"2017-10-02T10:29:47+00:00\",\"dateModified\":\"2017-10-02T10:30:05+00:00\",\"mainEntityOfPage\":{\"@id\":\"https:\\\/\\\/www.cftc-afr.fr\\\/index.php\\\/2017\\\/10\\\/02\\\/non-a-hausse-de-csg\\\/\"},\"wordCount\":97,\"image\":{\"@id\":\"https:\\\/\\\/www.cftc-afr.fr\\\/index.php\\\/2017\\\/10\\\/02\\\/non-a-hausse-de-csg\\\/#primaryimage\"},\"thumbnailUrl\":\"https:\\\/\\\/www.cftc-afr.fr\\\/wp-content\\\/uploads\\\/2017\\\/10\\\/manif-28-09-2017.jpg\",\"articleSection\":[\"Actualit\u00e9s\"],\"inLanguage\":\"fr-FR\"},{\"@type\":\"WebPage\",\"@id\":\"https:\\\/\\\/www.cftc-afr.fr\\\/index.php\\\/2017\\\/10\\\/02\\\/non-a-hausse-de-csg\\\/\",\"url\":\"https:\\\/\\\/www.cftc-afr.fr\\\/index.php\\\/2017\\\/10\\\/02\\\/non-a-hausse-de-csg\\\/\",\"name\":\"NON \u00e0 la hausse de la CSG - CFTC-AFR\",\"isPartOf\":{\"@id\":\"https:\\\/\\\/www.cftc-afr.fr\\\/#website\"},\"primaryImageOfPage\":{\"@id\":\"https:\\\/\\\/www.cftc-afr.fr\\\/index.php\\\/2017\\\/10\\\/02\\\/non-a-hausse-de-csg\\\/#primaryimage\"},\"image\":{\"@id\":\"https:\\\/\\\/www.cftc-afr.fr\\\/index.php\\\/2017\\\/10\\\/02\\\/non-a-hausse-de-csg\\\/#primaryimage\"},\"thumbnailUrl\":\"https:\\\/\\\/www.cftc-afr.fr\\\/wp-content\\\/uploads\\\/2017\\\/10\\\/manif-28-09-2017.jpg\",\"datePublished\":\"2017-10-02T10:29:47+00:00\",\"dateModified\":\"2017-10-02T10:30:05+00:00\",\"author\":{\"@id\":\"https:\\\/\\\/www.cftc-afr.fr\\\/#\\\/schema\\\/person\\\/053652abb78394970ba2d8c835ee0de7\"},\"breadcrumb\":{\"@id\":\"https:\\\/\\\/www.cftc-afr.fr\\\/index.php\\\/2017\\\/10\\\/02\\\/non-a-hausse-de-csg\\\/#breadcrumb\"},\"inLanguage\":\"fr-FR\",\"potentialAction\":[{\"@type\":\"ReadAction\",\"target\":[\"https:\\\/\\\/www.cftc-afr.fr\\\/index.php\\\/2017\\\/10\\\/02\\\/non-a-hausse-de-csg\\\/\"]}]},{\"@type\":\"ImageObject\",\"inLanguage\":\"fr-FR\",\"@id\":\"https:\\\/\\\/www.cftc-afr.fr\\\/index.php\\\/2017\\\/10\\\/02\\\/non-a-hausse-de-csg\\\/#primaryimage\",\"url\":\"https:\\\/\\\/www.cftc-afr.fr\\\/wp-content\\\/uploads\\\/2017\\\/10\\\/manif-28-09-2017.jpg\",\"contentUrl\":\"https:\\\/\\\/www.cftc-afr.fr\\\/wp-content\\\/uploads\\\/2017\\\/10\\\/manif-28-09-2017.jpg\",\"width\":200,\"height\":200},{\"@type\":\"BreadcrumbList\",\"@id\":\"https:\\\/\\\/www.cftc-afr.fr\\\/index.php\\\/2017\\\/10\\\/02\\\/non-a-hausse-de-csg\\\/#breadcrumb\",\"itemListElement\":[{\"@type\":\"ListItem\",\"position\":1,\"name\":\"Accueil\",\"item\":\"https:\\\/\\\/www.cftc-afr.fr\\\/\"},{\"@type\":\"ListItem\",\"position\":2,\"name\":\"NON \u00e0 la hausse de la CSG\"}]},{\"@type\":\"WebSite\",\"@id\":\"https:\\\/\\\/www.cftc-afr.fr\\\/#website\",\"url\":\"https:\\\/\\\/www.cftc-afr.fr\\\/\",\"name\":\"CFTC-AFR\",\"description\":\"La vie \u00e0 d\u00e9fendre\",\"potentialAction\":[{\"@type\":\"SearchAction\",\"target\":{\"@type\":\"EntryPoint\",\"urlTemplate\":\"https:\\\/\\\/www.cftc-afr.fr\\\/?s={search_term_string}\"},\"query-input\":{\"@type\":\"PropertyValueSpecification\",\"valueRequired\":true,\"valueName\":\"search_term_string\"}}],\"inLanguage\":\"fr-FR\"},{\"@type\":\"Person\",\"@id\":\"https:\\\/\\\/www.cftc-afr.fr\\\/#\\\/schema\\\/person\\\/053652abb78394970ba2d8c835ee0de7\",\"name\":\"webcsfv\",\"image\":{\"@type\":\"ImageObject\",\"inLanguage\":\"fr-FR\",\"@id\":\"https:\\\/\\\/secure.gravatar.com\\\/avatar\\\/3d8bf08c8feaca537ce41c2b95cec6c85a8036a1687877b5eb7cb09dcb9b6f06?s=96&d=mm&r=g\",\"url\":\"https:\\\/\\\/secure.gravatar.com\\\/avatar\\\/3d8bf08c8feaca537ce41c2b95cec6c85a8036a1687877b5eb7cb09dcb9b6f06?s=96&d=mm&r=g\",\"contentUrl\":\"https:\\\/\\\/secure.gravatar.com\\\/avatar\\\/3d8bf08c8feaca537ce41c2b95cec6c85a8036a1687877b5eb7cb09dcb9b6f06?s=96&d=mm&r=g\",\"caption\":\"webcsfv\"},\"url\":\"https:\\\/\\\/www.cftc-afr.fr\\\/index.php\\\/author\\\/webcsfv\\\/\"}]}<\/script>\n<!-- \/ Yoast SEO plugin. -->","yoast_head_json":{"title":"NON \u00e0 la hausse de la CSG - CFTC-AFR","robots":{"index":"index","follow":"follow","max-snippet":"max-snippet:-1","max-image-preview":"max-image-preview:large","max-video-preview":"max-video-preview:-1"},"canonical":"https:\/\/www.cftc-afr.fr\/index.php\/2017\/10\/02\/non-a-hausse-de-csg\/","og_locale":"fr_FR","og_type":"article","og_title":"NON \u00e0 la hausse de la CSG - CFTC-AFR","og_description":"Ce jeudi 28 septembre 2017, l\u2019AFR \u00e9tait bien pr\u00e9sente \u00e0 la manifestation organis\u00e9e par l\u2019intersyndicale des retrait\u00e9s dont l\u2019UNAR.","og_url":"https:\/\/www.cftc-afr.fr\/index.php\/2017\/10\/02\/non-a-hausse-de-csg\/","og_site_name":"CFTC-AFR","article_published_time":"2017-10-02T10:29:47+00:00","article_modified_time":"2017-10-02T10:30:05+00:00","og_image":[{"width":200,"height":200,"url":"https:\/\/www.cftc-afr.fr\/wp-content\/uploads\/2017\/10\/manif-28-09-2017.jpg","type":"image\/jpeg"}],"author":"webcsfv","twitter_card":"summary_large_image","twitter_misc":{"\u00c9crit par":"webcsfv"},"schema":{"@context":"https:\/\/schema.org","@graph":[{"@type":"Article","@id":"https:\/\/www.cftc-afr.fr\/index.php\/2017\/10\/02\/non-a-hausse-de-csg\/#article","isPartOf":{"@id":"https:\/\/www.cftc-afr.fr\/index.php\/2017\/10\/02\/non-a-hausse-de-csg\/"},"author":{"name":"webcsfv","@id":"https:\/\/www.cftc-afr.fr\/#\/schema\/person\/053652abb78394970ba2d8c835ee0de7"},"headline":"NON \u00e0 la hausse de la CSG","datePublished":"2017-10-02T10:29:47+00:00","dateModified":"2017-10-02T10:30:05+00:00","mainEntityOfPage":{"@id":"https:\/\/www.cftc-afr.fr\/index.php\/2017\/10\/02\/non-a-hausse-de-csg\/"},"wordCount":97,"image":{"@id":"https:\/\/www.cftc-afr.fr\/index.php\/2017\/10\/02\/non-a-hausse-de-csg\/#primaryimage"},"thumbnailUrl":"https:\/\/www.cftc-afr.fr\/wp-content\/uploads\/2017\/10\/manif-28-09-2017.jpg","articleSection":["Actualit\u00e9s"],"inLanguage":"fr-FR"},{"@type":"WebPage","@id":"https:\/\/www.cftc-afr.fr\/index.php\/2017\/10\/02\/non-a-hausse-de-csg\/","url":"https:\/\/www.cftc-afr.fr\/index.php\/2017\/10\/02\/non-a-hausse-de-csg\/","name":"NON \u00e0 la hausse de la CSG - CFTC-AFR","isPartOf":{"@id":"https:\/\/www.cftc-afr.fr\/#website"},"primaryImageOfPage":{"@id":"https:\/\/www.cftc-afr.fr\/index.php\/2017\/10\/02\/non-a-hausse-de-csg\/#primaryimage"},"image":{"@id":"https:\/\/www.cftc-afr.fr\/index.php\/2017\/10\/02\/non-a-hausse-de-csg\/#primaryimage"},"thumbnailUrl":"https:\/\/www.cftc-afr.fr\/wp-content\/uploads\/2017\/10\/manif-28-09-2017.jpg","datePublished":"2017-10-02T10:29:47+00:00","dateModified":"2017-10-02T10:30:05+00:00","author":{"@id":"https:\/\/www.cftc-afr.fr\/#\/schema\/person\/053652abb78394970ba2d8c835ee0de7"},"breadcrumb":{"@id":"https:\/\/www.cftc-afr.fr\/index.php\/2017\/10\/02\/non-a-hausse-de-csg\/#breadcrumb"},"inLanguage":"fr-FR","potentialAction":[{"@type":"ReadAction","target":["https:\/\/www.cftc-afr.fr\/index.php\/2017\/10\/02\/non-a-hausse-de-csg\/"]}]},{"@type":"ImageObject","inLanguage":"fr-FR","@id":"https:\/\/www.cftc-afr.fr\/index.php\/2017\/10\/02\/non-a-hausse-de-csg\/#primaryimage","url":"https:\/\/www.cftc-afr.fr\/wp-content\/uploads\/2017\/10\/manif-28-09-2017.jpg","contentUrl":"https:\/\/www.cftc-afr.fr\/wp-content\/uploads\/2017\/10\/manif-28-09-2017.jpg","width":200,"height":200},{"@type":"BreadcrumbList","@id":"https:\/\/www.cftc-afr.fr\/index.php\/2017\/10\/02\/non-a-hausse-de-csg\/#breadcrumb","itemListElement":[{"@type":"ListItem","position":1,"name":"Accueil","item":"https:\/\/www.cftc-afr.fr\/"},{"@type":"ListItem","position":2,"name":"NON \u00e0 la hausse de la CSG"}]},{"@type":"WebSite","@id":"https:\/\/www.cftc-afr.fr\/#website","url":"https:\/\/www.cftc-afr.fr\/","name":"CFTC-AFR","description":"La vie \u00e0 d\u00e9fendre","potentialAction":[{"@type":"SearchAction","target":{"@type":"EntryPoint","urlTemplate":"https:\/\/www.cftc-afr.fr\/?s={search_term_string}"},"query-input":{"@type":"PropertyValueSpecification","valueRequired":true,"valueName":"search_term_string"}}],"inLanguage":"fr-FR"},{"@type":"Person","@id":"https:\/\/www.cftc-afr.fr\/#\/schema\/person\/053652abb78394970ba2d8c835ee0de7","name":"webcsfv","image":{"@type":"ImageObject","inLanguage":"fr-FR","@id":"https:\/\/secure.gravatar.com\/avatar\/3d8bf08c8feaca537ce41c2b95cec6c85a8036a1687877b5eb7cb09dcb9b6f06?s=96&d=mm&r=g","url":"https:\/\/secure.gravatar.com\/avatar\/3d8bf08c8feaca537ce41c2b95cec6c85a8036a1687877b5eb7cb09dcb9b6f06?s=96&d=mm&r=g","contentUrl":"https:\/\/secure.gravatar.com\/avatar\/3d8bf08c8feaca537ce41c2b95cec6c85a8036a1687877b5eb7cb09dcb9b6f06?s=96&d=mm&r=g","caption":"webcsfv"},"url":"https:\/\/www.cftc-afr.fr\/index.php\/author\/webcsfv\/"}]}},"jetpack_publicize_connections":[],"jetpack_featured_media_url":"https:\/\/www.cftc-afr.fr\/wp-content\/uploads\/2017\/10\/manif-28-09-2017.jpg","jetpack_sharing_enabled":true,"jetpack_shortlink":"https:\/\/wp.me\/pauKx7-5e","_links":{"self":[{"href":"https:\/\/www.cftc-afr.fr\/index.php\/wp-json\/wp\/v2\/posts\/324","targetHints":{"allow":["GET"]}}],"collection":[{"href":"https:\/\/www.cftc-afr.fr\/index.php\/wp-json\/wp\/v2\/posts"}],"about":[{"href":"https:\/\/www.cftc-afr.fr\/index.php\/wp-json\/wp\/v2\/types\/post"}],"author":[{"embeddable":true,"href":"https:\/\/www.cftc-afr.fr\/index.php\/wp-json\/wp\/v2\/users\/1"}],"replies":[{"embeddable":true,"href":"https:\/\/www.cftc-afr.fr\/index.php\/wp-json\/wp\/v2\/comments?post=324"}],"version-history":[{"count":2,"href":"https:\/\/www.cftc-afr.fr\/index.php\/wp-json\/wp\/v2\/posts\/324\/revisions"}],"predecessor-version":[{"id":326,"href":"https:\/\/www.cftc-afr.fr\/index.php\/wp-json\/wp\/v2\/posts\/324\/revisions\/326"}],"wp:featuredmedia":[{"embeddable":true,"href":"https:\/\/www.cftc-afr.fr\/index.php\/wp-json\/wp\/v2\/media\/321"}],"wp:attachment":[{"href":"https:\/\/www.cftc-afr.fr\/index.php\/wp-json\/wp\/v2\/media?parent=324"}],"wp:term":[{"taxonomy":"category","embeddable":true,"href":"https:\/\/www.cftc-afr.fr\/index.php\/wp-json\/wp\/v2\/categories?post=324"},{"taxonomy":"post_tag","embeddable":true,"href":"https:\/\/www.cftc-afr.fr\/index.php\/wp-json\/wp\/v2\/tags?post=324"}],"curies":[{"name":"wp","href":"https:\/\/api.w.org\/{rel}","templated":true}]}}