{"id":309,"date":"2017-05-09T15:06:55","date_gmt":"2017-05-09T14:06:55","guid":{"rendered":"https:\/\/www.cftc-afr.fr\/?p=309"},"modified":"2017-05-09T15:07:43","modified_gmt":"2017-05-09T14:07:43","slug":"assemblee-generale-2017","status":"publish","type":"post","link":"https:\/\/www.cftc-afr.fr\/index.php\/2017\/05\/09\/assemblee-generale-2017\/","title":{"rendered":"Assembl\u00e9e G\u00e9n\u00e9rale 2017"},"content":{"rendered":"<p>N&rsquo;oubliez pas : le 16,17 et 18 mai 2017 \u00e0 Vichy,<!--more--> c&rsquo;est l&rsquo;Assembl\u00e9e G\u00e9n\u00e9rale de l&rsquo;AFR CSFV CFTC .<\/p>\n<blockquote><p>\u00a0Nous vous attendons nombreux et en pleine forme.<\/p><\/blockquote>\n","protected":false},"excerpt":{"rendered":"<p>N&rsquo;oubliez pas : le 16,17 et 18 mai 2017 \u00e0 Vichy,<\/p>\n","protected":false},"author":1,"featured_media":310,"comment_status":"closed","ping_status":"closed","sticky":false,"template":"","format":"standard","meta":{"jetpack_post_was_ever_published":false,"_jetpack_newsletter_access":"","_jetpack_dont_email_post_to_subs":false,"_jetpack_newsletter_tier_id":0,"_jetpack_memberships_contains_paywalled_content":false,"_jetpack_memberships_contains_paid_content":false,"footnotes":"","jetpack_publicize_message":"","jetpack_publicize_feature_enabled":true,"jetpack_social_post_already_shared":false,"jetpack_social_options":{"image_generator_settings":{"template":"highway","default_image_id":0,"font":"","enabled":false},"version":2}},"categories":[4],"tags":[27,26],"class_list":["post-309","post","type-post","status-publish","format-standard","has-post-thumbnail","hentry","category-actualites","tag-afr-csfv-cftc","tag-assemblee-generale"],"yoast_head":"<!-- This site is optimized with the Yoast SEO plugin v27.4 - https:\/\/yoast.com\/product\/yoast-seo-wordpress\/ -->\n<title>Assembl\u00e9e G\u00e9n\u00e9rale 2017 - CFTC-AFR<\/title>\n<meta name=\"robots\" content=\"index, follow, max-snippet:-1, max-image-preview:large, max-video-preview:-1\" \/>\n<link rel=\"canonical\" href=\"https:\/\/www.cftc-afr.fr\/index.php\/2017\/05\/09\/assemblee-generale-2017\/\" \/>\n<meta property=\"og:locale\" content=\"fr_FR\" \/>\n<meta property=\"og:type\" content=\"article\" \/>\n<meta property=\"og:title\" content=\"Assembl\u00e9e G\u00e9n\u00e9rale 2017 - CFTC-AFR\" \/>\n<meta property=\"og:description\" content=\"N&rsquo;oubliez pas : le 16,17 et 18 mai 2017 \u00e0 Vichy,\" \/>\n<meta property=\"og:url\" content=\"https:\/\/www.cftc-afr.fr\/index.php\/2017\/05\/09\/assemblee-generale-2017\/\" \/>\n<meta property=\"og:site_name\" content=\"CFTC-AFR\" \/>\n<meta property=\"article:published_time\" content=\"2017-05-09T14:06:55+00:00\" \/>\n<meta property=\"article:modified_time\" content=\"2017-05-09T14:07:43+00:00\" \/>\n<meta property=\"og:image\" content=\"https:\/\/www.cftc-afr.fr\/wp-content\/uploads\/2017\/05\/vichy.jpg\" \/>\n\t<meta property=\"og:image:width\" content=\"250\" \/>\n\t<meta property=\"og:image:height\" content=\"250\" \/>\n\t<meta property=\"og:image:type\" content=\"image\/jpeg\" \/>\n<meta name=\"author\" content=\"webcsfv\" \/>\n<meta name=\"twitter:card\" content=\"summary_large_image\" \/>\n<meta name=\"twitter:label1\" content=\"\u00c9crit par\" \/>\n\t<meta name=\"twitter:data1\" content=\"webcsfv\" \/>\n<script type=\"application\/ld+json\" class=\"yoast-schema-graph\">{\"@context\":\"https:\\\/\\\/schema.org\",\"@graph\":[{\"@type\":\"Article\",\"@id\":\"https:\\\/\\\/www.cftc-afr.fr\\\/index.php\\\/2017\\\/05\\\/09\\\/assemblee-generale-2017\\\/#article\",\"isPartOf\":{\"@id\":\"https:\\\/\\\/www.cftc-afr.fr\\\/index.php\\\/2017\\\/05\\\/09\\\/assemblee-generale-2017\\\/\"},\"author\":{\"name\":\"webcsfv\",\"@id\":\"https:\\\/\\\/www.cftc-afr.fr\\\/#\\\/schema\\\/person\\\/053652abb78394970ba2d8c835ee0de7\"},\"headline\":\"Assembl\u00e9e G\u00e9n\u00e9rale 2017\",\"datePublished\":\"2017-05-09T14:06:55+00:00\",\"dateModified\":\"2017-05-09T14:07:43+00:00\",\"mainEntityOfPage\":{\"@id\":\"https:\\\/\\\/www.cftc-afr.fr\\\/index.php\\\/2017\\\/05\\\/09\\\/assemblee-generale-2017\\\/\"},\"wordCount\":29,\"image\":{\"@id\":\"https:\\\/\\\/www.cftc-afr.fr\\\/index.php\\\/2017\\\/05\\\/09\\\/assemblee-generale-2017\\\/#primaryimage\"},\"thumbnailUrl\":\"https:\\\/\\\/www.cftc-afr.fr\\\/wp-content\\\/uploads\\\/2017\\\/05\\\/vichy.jpg\",\"keywords\":[\"AFR CSFV CFTC\",\"Assembl\u00e9e g\u00e9n\u00e9rale\"],\"articleSection\":[\"Actualit\u00e9s\"],\"inLanguage\":\"fr-FR\"},{\"@type\":\"WebPage\",\"@id\":\"https:\\\/\\\/www.cftc-afr.fr\\\/index.php\\\/2017\\\/05\\\/09\\\/assemblee-generale-2017\\\/\",\"url\":\"https:\\\/\\\/www.cftc-afr.fr\\\/index.php\\\/2017\\\/05\\\/09\\\/assemblee-generale-2017\\\/\",\"name\":\"Assembl\u00e9e G\u00e9n\u00e9rale 2017 - CFTC-AFR\",\"isPartOf\":{\"@id\":\"https:\\\/\\\/www.cftc-afr.fr\\\/#website\"},\"primaryImageOfPage\":{\"@id\":\"https:\\\/\\\/www.cftc-afr.fr\\\/index.php\\\/2017\\\/05\\\/09\\\/assemblee-generale-2017\\\/#primaryimage\"},\"image\":{\"@id\":\"https:\\\/\\\/www.cftc-afr.fr\\\/index.php\\\/2017\\\/05\\\/09\\\/assemblee-generale-2017\\\/#primaryimage\"},\"thumbnailUrl\":\"https:\\\/\\\/www.cftc-afr.fr\\\/wp-content\\\/uploads\\\/2017\\\/05\\\/vichy.jpg\",\"datePublished\":\"2017-05-09T14:06:55+00:00\",\"dateModified\":\"2017-05-09T14:07:43+00:00\",\"author\":{\"@id\":\"https:\\\/\\\/www.cftc-afr.fr\\\/#\\\/schema\\\/person\\\/053652abb78394970ba2d8c835ee0de7\"},\"breadcrumb\":{\"@id\":\"https:\\\/\\\/www.cftc-afr.fr\\\/index.php\\\/2017\\\/05\\\/09\\\/assemblee-generale-2017\\\/#breadcrumb\"},\"inLanguage\":\"fr-FR\",\"potentialAction\":[{\"@type\":\"ReadAction\",\"target\":[\"https:\\\/\\\/www.cftc-afr.fr\\\/index.php\\\/2017\\\/05\\\/09\\\/assemblee-generale-2017\\\/\"]}]},{\"@type\":\"ImageObject\",\"inLanguage\":\"fr-FR\",\"@id\":\"https:\\\/\\\/www.cftc-afr.fr\\\/index.php\\\/2017\\\/05\\\/09\\\/assemblee-generale-2017\\\/#primaryimage\",\"url\":\"https:\\\/\\\/www.cftc-afr.fr\\\/wp-content\\\/uploads\\\/2017\\\/05\\\/vichy.jpg\",\"contentUrl\":\"https:\\\/\\\/www.cftc-afr.fr\\\/wp-content\\\/uploads\\\/2017\\\/05\\\/vichy.jpg\",\"width\":250,\"height\":250},{\"@type\":\"BreadcrumbList\",\"@id\":\"https:\\\/\\\/www.cftc-afr.fr\\\/index.php\\\/2017\\\/05\\\/09\\\/assemblee-generale-2017\\\/#breadcrumb\",\"itemListElement\":[{\"@type\":\"ListItem\",\"position\":1,\"name\":\"Accueil\",\"item\":\"https:\\\/\\\/www.cftc-afr.fr\\\/\"},{\"@type\":\"ListItem\",\"position\":2,\"name\":\"Assembl\u00e9e G\u00e9n\u00e9rale 2017\"}]},{\"@type\":\"WebSite\",\"@id\":\"https:\\\/\\\/www.cftc-afr.fr\\\/#website\",\"url\":\"https:\\\/\\\/www.cftc-afr.fr\\\/\",\"name\":\"CFTC-AFR\",\"description\":\"La vie \u00e0 d\u00e9fendre\",\"potentialAction\":[{\"@type\":\"SearchAction\",\"target\":{\"@type\":\"EntryPoint\",\"urlTemplate\":\"https:\\\/\\\/www.cftc-afr.fr\\\/?s={search_term_string}\"},\"query-input\":{\"@type\":\"PropertyValueSpecification\",\"valueRequired\":true,\"valueName\":\"search_term_string\"}}],\"inLanguage\":\"fr-FR\"},{\"@type\":\"Person\",\"@id\":\"https:\\\/\\\/www.cftc-afr.fr\\\/#\\\/schema\\\/person\\\/053652abb78394970ba2d8c835ee0de7\",\"name\":\"webcsfv\",\"image\":{\"@type\":\"ImageObject\",\"inLanguage\":\"fr-FR\",\"@id\":\"https:\\\/\\\/secure.gravatar.com\\\/avatar\\\/3d8bf08c8feaca537ce41c2b95cec6c85a8036a1687877b5eb7cb09dcb9b6f06?s=96&d=mm&r=g\",\"url\":\"https:\\\/\\\/secure.gravatar.com\\\/avatar\\\/3d8bf08c8feaca537ce41c2b95cec6c85a8036a1687877b5eb7cb09dcb9b6f06?s=96&d=mm&r=g\",\"contentUrl\":\"https:\\\/\\\/secure.gravatar.com\\\/avatar\\\/3d8bf08c8feaca537ce41c2b95cec6c85a8036a1687877b5eb7cb09dcb9b6f06?s=96&d=mm&r=g\",\"caption\":\"webcsfv\"},\"url\":\"https:\\\/\\\/www.cftc-afr.fr\\\/index.php\\\/author\\\/webcsfv\\\/\"}]}<\/script>\n<!-- \/ Yoast SEO plugin. -->","yoast_head_json":{"title":"Assembl\u00e9e G\u00e9n\u00e9rale 2017 - CFTC-AFR","robots":{"index":"index","follow":"follow","max-snippet":"max-snippet:-1","max-image-preview":"max-image-preview:large","max-video-preview":"max-video-preview:-1"},"canonical":"https:\/\/www.cftc-afr.fr\/index.php\/2017\/05\/09\/assemblee-generale-2017\/","og_locale":"fr_FR","og_type":"article","og_title":"Assembl\u00e9e G\u00e9n\u00e9rale 2017 - CFTC-AFR","og_description":"N&rsquo;oubliez pas : le 16,17 et 18 mai 2017 \u00e0 Vichy,","og_url":"https:\/\/www.cftc-afr.fr\/index.php\/2017\/05\/09\/assemblee-generale-2017\/","og_site_name":"CFTC-AFR","article_published_time":"2017-05-09T14:06:55+00:00","article_modified_time":"2017-05-09T14:07:43+00:00","og_image":[{"width":250,"height":250,"url":"https:\/\/www.cftc-afr.fr\/wp-content\/uploads\/2017\/05\/vichy.jpg","type":"image\/jpeg"}],"author":"webcsfv","twitter_card":"summary_large_image","twitter_misc":{"\u00c9crit par":"webcsfv"},"schema":{"@context":"https:\/\/schema.org","@graph":[{"@type":"Article","@id":"https:\/\/www.cftc-afr.fr\/index.php\/2017\/05\/09\/assemblee-generale-2017\/#article","isPartOf":{"@id":"https:\/\/www.cftc-afr.fr\/index.php\/2017\/05\/09\/assemblee-generale-2017\/"},"author":{"name":"webcsfv","@id":"https:\/\/www.cftc-afr.fr\/#\/schema\/person\/053652abb78394970ba2d8c835ee0de7"},"headline":"Assembl\u00e9e G\u00e9n\u00e9rale 2017","datePublished":"2017-05-09T14:06:55+00:00","dateModified":"2017-05-09T14:07:43+00:00","mainEntityOfPage":{"@id":"https:\/\/www.cftc-afr.fr\/index.php\/2017\/05\/09\/assemblee-generale-2017\/"},"wordCount":29,"image":{"@id":"https:\/\/www.cftc-afr.fr\/index.php\/2017\/05\/09\/assemblee-generale-2017\/#primaryimage"},"thumbnailUrl":"https:\/\/www.cftc-afr.fr\/wp-content\/uploads\/2017\/05\/vichy.jpg","keywords":["AFR CSFV CFTC","Assembl\u00e9e g\u00e9n\u00e9rale"],"articleSection":["Actualit\u00e9s"],"inLanguage":"fr-FR"},{"@type":"WebPage","@id":"https:\/\/www.cftc-afr.fr\/index.php\/2017\/05\/09\/assemblee-generale-2017\/","url":"https:\/\/www.cftc-afr.fr\/index.php\/2017\/05\/09\/assemblee-generale-2017\/","name":"Assembl\u00e9e G\u00e9n\u00e9rale 2017 - CFTC-AFR","isPartOf":{"@id":"https:\/\/www.cftc-afr.fr\/#website"},"primaryImageOfPage":{"@id":"https:\/\/www.cftc-afr.fr\/index.php\/2017\/05\/09\/assemblee-generale-2017\/#primaryimage"},"image":{"@id":"https:\/\/www.cftc-afr.fr\/index.php\/2017\/05\/09\/assemblee-generale-2017\/#primaryimage"},"thumbnailUrl":"https:\/\/www.cftc-afr.fr\/wp-content\/uploads\/2017\/05\/vichy.jpg","datePublished":"2017-05-09T14:06:55+00:00","dateModified":"2017-05-09T14:07:43+00:00","author":{"@id":"https:\/\/www.cftc-afr.fr\/#\/schema\/person\/053652abb78394970ba2d8c835ee0de7"},"breadcrumb":{"@id":"https:\/\/www.cftc-afr.fr\/index.php\/2017\/05\/09\/assemblee-generale-2017\/#breadcrumb"},"inLanguage":"fr-FR","potentialAction":[{"@type":"ReadAction","target":["https:\/\/www.cftc-afr.fr\/index.php\/2017\/05\/09\/assemblee-generale-2017\/"]}]},{"@type":"ImageObject","inLanguage":"fr-FR","@id":"https:\/\/www.cftc-afr.fr\/index.php\/2017\/05\/09\/assemblee-generale-2017\/#primaryimage","url":"https:\/\/www.cftc-afr.fr\/wp-content\/uploads\/2017\/05\/vichy.jpg","contentUrl":"https:\/\/www.cftc-afr.fr\/wp-content\/uploads\/2017\/05\/vichy.jpg","width":250,"height":250},{"@type":"BreadcrumbList","@id":"https:\/\/www.cftc-afr.fr\/index.php\/2017\/05\/09\/assemblee-generale-2017\/#breadcrumb","itemListElement":[{"@type":"ListItem","position":1,"name":"Accueil","item":"https:\/\/www.cftc-afr.fr\/"},{"@type":"ListItem","position":2,"name":"Assembl\u00e9e G\u00e9n\u00e9rale 2017"}]},{"@type":"WebSite","@id":"https:\/\/www.cftc-afr.fr\/#website","url":"https:\/\/www.cftc-afr.fr\/","name":"CFTC-AFR","description":"La vie \u00e0 d\u00e9fendre","potentialAction":[{"@type":"SearchAction","target":{"@type":"EntryPoint","urlTemplate":"https:\/\/www.cftc-afr.fr\/?s={search_term_string}"},"query-input":{"@type":"PropertyValueSpecification","valueRequired":true,"valueName":"search_term_string"}}],"inLanguage":"fr-FR"},{"@type":"Person","@id":"https:\/\/www.cftc-afr.fr\/#\/schema\/person\/053652abb78394970ba2d8c835ee0de7","name":"webcsfv","image":{"@type":"ImageObject","inLanguage":"fr-FR","@id":"https:\/\/secure.gravatar.com\/avatar\/3d8bf08c8feaca537ce41c2b95cec6c85a8036a1687877b5eb7cb09dcb9b6f06?s=96&d=mm&r=g","url":"https:\/\/secure.gravatar.com\/avatar\/3d8bf08c8feaca537ce41c2b95cec6c85a8036a1687877b5eb7cb09dcb9b6f06?s=96&d=mm&r=g","contentUrl":"https:\/\/secure.gravatar.com\/avatar\/3d8bf08c8feaca537ce41c2b95cec6c85a8036a1687877b5eb7cb09dcb9b6f06?s=96&d=mm&r=g","caption":"webcsfv"},"url":"https:\/\/www.cftc-afr.fr\/index.php\/author\/webcsfv\/"}]}},"jetpack_publicize_connections":[],"jetpack_featured_media_url":"https:\/\/www.cftc-afr.fr\/wp-content\/uploads\/2017\/05\/vichy.jpg","jetpack_sharing_enabled":true,"jetpack_shortlink":"https:\/\/wp.me\/pauKx7-4Z","_links":{"self":[{"href":"https:\/\/www.cftc-afr.fr\/index.php\/wp-json\/wp\/v2\/posts\/309","targetHints":{"allow":["GET"]}}],"collection":[{"href":"https:\/\/www.cftc-afr.fr\/index.php\/wp-json\/wp\/v2\/posts"}],"about":[{"href":"https:\/\/www.cftc-afr.fr\/index.php\/wp-json\/wp\/v2\/types\/post"}],"author":[{"embeddable":true,"href":"https:\/\/www.cftc-afr.fr\/index.php\/wp-json\/wp\/v2\/users\/1"}],"replies":[{"embeddable":true,"href":"https:\/\/www.cftc-afr.fr\/index.php\/wp-json\/wp\/v2\/comments?post=309"}],"version-history":[{"count":3,"href":"https:\/\/www.cftc-afr.fr\/index.php\/wp-json\/wp\/v2\/posts\/309\/revisions"}],"predecessor-version":[{"id":313,"href":"https:\/\/www.cftc-afr.fr\/index.php\/wp-json\/wp\/v2\/posts\/309\/revisions\/313"}],"wp:featuredmedia":[{"embeddable":true,"href":"https:\/\/www.cftc-afr.fr\/index.php\/wp-json\/wp\/v2\/media\/310"}],"wp:attachment":[{"href":"https:\/\/www.cftc-afr.fr\/index.php\/wp-json\/wp\/v2\/media?parent=309"}],"wp:term":[{"taxonomy":"category","embeddable":true,"href":"https:\/\/www.cftc-afr.fr\/index.php\/wp-json\/wp\/v2\/categories?post=309"},{"taxonomy":"post_tag","embeddable":true,"href":"https:\/\/www.cftc-afr.fr\/index.php\/wp-json\/wp\/v2\/tags?post=309"}],"curies":[{"name":"wp","href":"https:\/\/api.w.org\/{rel}","templated":true}]}}