{"id":235,"date":"2016-09-12T14:41:48","date_gmt":"2016-09-12T13:41:48","guid":{"rendered":"https:\/\/www.cftc-afr.fr\/?p=235"},"modified":"2016-10-31T14:43:43","modified_gmt":"2016-10-31T13:43:43","slug":"le-mot-du-secretaire-general","status":"publish","type":"post","link":"https:\/\/www.cftc-afr.fr\/index.php\/2016\/09\/12\/le-mot-du-secretaire-general\/","title":{"rendered":"Le Mot du Secr\u00e9taire G\u00e9n\u00e9ral"},"content":{"rendered":"<p>Quelques chiffres :<\/p>\n<ul>\n<li>La population de la France affiche les 67 millions d\u2019habitants.<\/li>\n<li>Une personne sur quatre a 60 ans ou plus.<\/li>\n<li>Le taux de retrait\u00e9s croit r\u00e9guli\u00e8rement.<\/li>\n<li>L\u2019esp\u00e9rance de Vie \u00e0 60 ans varie entre 23 ans pour les hommes et 27 ans pour les femmes.<\/li>\n<\/ul>\n<p><!--more--><br \/>\n<span style=\"text-decoration: underline;\">PETITS RAPPELS :<\/span><br \/>\nUne injustice flagrante pour nous les retrait\u00e9s :<br \/>\nDepuis un moment, aucune augmentation de nos pensions si on fait abstraction de celle de 0.1% (une aum\u00f4ne) sur la retraite de base qui remonte \u00e0 pr\u00e8s d\u2019un an (1er octobre 2015).<br \/>\nLa pension de r\u00e9version varie aujourd\u2019hui entre un minimum de 283\u20ac et un maximum de 868\u20ac.<\/p>\n<p>Si vous avez quels que probl\u00e8mes que ce soit avec votre situation de retrait\u00e9, pensez \u00e0<\/p>\n<p style=\"text-align: center;\"><strong>SOS MTL 06 72 41 93 11<\/strong><\/p>\n<p>Vous y recevrez toujours un bon accueil et obtiendrez d\u2019utiles renseignements.<\/p>\n","protected":false},"excerpt":{"rendered":"<p>Quelques chiffres : La population de la France affiche les 67 millions d\u2019habitants. Une personne sur quatre a 60 ans ou plus. Le taux de retrait\u00e9s croit r\u00e9guli\u00e8rement. L\u2019esp\u00e9rance de Vie \u00e0 60 ans varie entre 23 ans pour les hommes et 27 ans pour les femmes.<\/p>\n","protected":false},"author":1,"featured_media":208,"comment_status":"closed","ping_status":"closed","sticky":false,"template":"","format":"standard","meta":{"jetpack_post_was_ever_published":false,"_jetpack_newsletter_access":"","_jetpack_dont_email_post_to_subs":false,"_jetpack_newsletter_tier_id":0,"_jetpack_memberships_contains_paywalled_content":false,"_jetpack_memberships_contains_paid_content":false,"footnotes":"","jetpack_publicize_message":"","jetpack_publicize_feature_enabled":true,"jetpack_social_post_already_shared":false,"jetpack_social_options":{"image_generator_settings":{"template":"highway","default_image_id":0,"font":"","enabled":false},"version":2}},"categories":[4],"tags":[16,7],"class_list":["post-235","post","type-post","status-publish","format-standard","has-post-thumbnail","hentry","category-actualites","tag-chiffres","tag-retraite"],"yoast_head":"<!-- This site is optimized with the Yoast SEO plugin v27.5 - https:\/\/yoast.com\/product\/yoast-seo-wordpress\/ -->\n<title>Le Mot du Secr\u00e9taire G\u00e9n\u00e9ral - CFTC-AFR<\/title>\n<meta name=\"robots\" content=\"index, follow, max-snippet:-1, max-image-preview:large, max-video-preview:-1\" \/>\n<link rel=\"canonical\" href=\"https:\/\/www.cftc-afr.fr\/index.php\/2016\/09\/12\/le-mot-du-secretaire-general\/\" \/>\n<meta property=\"og:locale\" content=\"fr_FR\" \/>\n<meta property=\"og:type\" content=\"article\" \/>\n<meta property=\"og:title\" content=\"Le mot du secr\u00e9taire G\u00e9n\u00e9ral | CFTC-AFR\" \/>\n<meta property=\"og:description\" content=\"Quelques chiffres : - La population de la France affiche les 67 millions d\u2019habitants. - Une personne sur quatre a 60 ans ou plus. - ...\" \/>\n<meta property=\"og:url\" content=\"https:\/\/www.cftc-afr.fr\/index.php\/2016\/09\/12\/le-mot-du-secretaire-general\/\" \/>\n<meta property=\"og:site_name\" content=\"CFTC-AFR\" \/>\n<meta property=\"article:published_time\" content=\"2016-09-12T13:41:48+00:00\" \/>\n<meta property=\"article:modified_time\" content=\"2016-10-31T13:43:43+00:00\" \/>\n<meta property=\"og:image\" content=\"https:\/\/www.cftc-afr.fr\/wp-content\/uploads\/2016\/07\/10626084-close-up-de-l-argent-euro.jpg\" \/>\n\t<meta property=\"og:image:width\" content=\"200\" \/>\n\t<meta property=\"og:image:height\" content=\"200\" \/>\n\t<meta property=\"og:image:type\" content=\"image\/jpeg\" \/>\n<meta name=\"author\" content=\"webcsfv\" \/>\n<meta name=\"twitter:card\" content=\"summary_large_image\" \/>\n<meta name=\"twitter:label1\" content=\"\u00c9crit par\" \/>\n\t<meta name=\"twitter:data1\" content=\"webcsfv\" \/>\n\t<meta name=\"twitter:label2\" content=\"Dur\u00e9e de lecture estim\u00e9e\" \/>\n\t<meta name=\"twitter:data2\" content=\"1 minute\" \/>\n<script type=\"application\/ld+json\" class=\"yoast-schema-graph\">{\"@context\":\"https:\\\/\\\/schema.org\",\"@graph\":[{\"@type\":\"Article\",\"@id\":\"https:\\\/\\\/www.cftc-afr.fr\\\/index.php\\\/2016\\\/09\\\/12\\\/le-mot-du-secretaire-general\\\/#article\",\"isPartOf\":{\"@id\":\"https:\\\/\\\/www.cftc-afr.fr\\\/index.php\\\/2016\\\/09\\\/12\\\/le-mot-du-secretaire-general\\\/\"},\"author\":{\"name\":\"webcsfv\",\"@id\":\"https:\\\/\\\/www.cftc-afr.fr\\\/#\\\/schema\\\/person\\\/053652abb78394970ba2d8c835ee0de7\"},\"headline\":\"Le Mot du Secr\u00e9taire G\u00e9n\u00e9ral\",\"datePublished\":\"2016-09-12T13:41:48+00:00\",\"dateModified\":\"2016-10-31T13:43:43+00:00\",\"mainEntityOfPage\":{\"@id\":\"https:\\\/\\\/www.cftc-afr.fr\\\/index.php\\\/2016\\\/09\\\/12\\\/le-mot-du-secretaire-general\\\/\"},\"wordCount\":142,\"image\":{\"@id\":\"https:\\\/\\\/www.cftc-afr.fr\\\/index.php\\\/2016\\\/09\\\/12\\\/le-mot-du-secretaire-general\\\/#primaryimage\"},\"thumbnailUrl\":\"https:\\\/\\\/www.cftc-afr.fr\\\/wp-content\\\/uploads\\\/2016\\\/07\\\/10626084-close-up-de-l-argent-euro.jpg\",\"keywords\":[\"chiffres\",\"retraite\"],\"articleSection\":[\"Actualit\u00e9s\"],\"inLanguage\":\"fr-FR\"},{\"@type\":\"WebPage\",\"@id\":\"https:\\\/\\\/www.cftc-afr.fr\\\/index.php\\\/2016\\\/09\\\/12\\\/le-mot-du-secretaire-general\\\/\",\"url\":\"https:\\\/\\\/www.cftc-afr.fr\\\/index.php\\\/2016\\\/09\\\/12\\\/le-mot-du-secretaire-general\\\/\",\"name\":\"Le Mot du Secr\u00e9taire G\u00e9n\u00e9ral - CFTC-AFR\",\"isPartOf\":{\"@id\":\"https:\\\/\\\/www.cftc-afr.fr\\\/#website\"},\"primaryImageOfPage\":{\"@id\":\"https:\\\/\\\/www.cftc-afr.fr\\\/index.php\\\/2016\\\/09\\\/12\\\/le-mot-du-secretaire-general\\\/#primaryimage\"},\"image\":{\"@id\":\"https:\\\/\\\/www.cftc-afr.fr\\\/index.php\\\/2016\\\/09\\\/12\\\/le-mot-du-secretaire-general\\\/#primaryimage\"},\"thumbnailUrl\":\"https:\\\/\\\/www.cftc-afr.fr\\\/wp-content\\\/uploads\\\/2016\\\/07\\\/10626084-close-up-de-l-argent-euro.jpg\",\"datePublished\":\"2016-09-12T13:41:48+00:00\",\"dateModified\":\"2016-10-31T13:43:43+00:00\",\"author\":{\"@id\":\"https:\\\/\\\/www.cftc-afr.fr\\\/#\\\/schema\\\/person\\\/053652abb78394970ba2d8c835ee0de7\"},\"breadcrumb\":{\"@id\":\"https:\\\/\\\/www.cftc-afr.fr\\\/index.php\\\/2016\\\/09\\\/12\\\/le-mot-du-secretaire-general\\\/#breadcrumb\"},\"inLanguage\":\"fr-FR\",\"potentialAction\":[{\"@type\":\"ReadAction\",\"target\":[\"https:\\\/\\\/www.cftc-afr.fr\\\/index.php\\\/2016\\\/09\\\/12\\\/le-mot-du-secretaire-general\\\/\"]}]},{\"@type\":\"ImageObject\",\"inLanguage\":\"fr-FR\",\"@id\":\"https:\\\/\\\/www.cftc-afr.fr\\\/index.php\\\/2016\\\/09\\\/12\\\/le-mot-du-secretaire-general\\\/#primaryimage\",\"url\":\"https:\\\/\\\/www.cftc-afr.fr\\\/wp-content\\\/uploads\\\/2016\\\/07\\\/10626084-close-up-de-l-argent-euro.jpg\",\"contentUrl\":\"https:\\\/\\\/www.cftc-afr.fr\\\/wp-content\\\/uploads\\\/2016\\\/07\\\/10626084-close-up-de-l-argent-euro.jpg\",\"width\":200,\"height\":200,\"caption\":\"Revenu\"},{\"@type\":\"BreadcrumbList\",\"@id\":\"https:\\\/\\\/www.cftc-afr.fr\\\/index.php\\\/2016\\\/09\\\/12\\\/le-mot-du-secretaire-general\\\/#breadcrumb\",\"itemListElement\":[{\"@type\":\"ListItem\",\"position\":1,\"name\":\"Accueil\",\"item\":\"https:\\\/\\\/www.cftc-afr.fr\\\/\"},{\"@type\":\"ListItem\",\"position\":2,\"name\":\"Le Mot du Secr\u00e9taire G\u00e9n\u00e9ral\"}]},{\"@type\":\"WebSite\",\"@id\":\"https:\\\/\\\/www.cftc-afr.fr\\\/#website\",\"url\":\"https:\\\/\\\/www.cftc-afr.fr\\\/\",\"name\":\"CFTC-AFR\",\"description\":\"La vie \u00e0 d\u00e9fendre\",\"potentialAction\":[{\"@type\":\"SearchAction\",\"target\":{\"@type\":\"EntryPoint\",\"urlTemplate\":\"https:\\\/\\\/www.cftc-afr.fr\\\/?s={search_term_string}\"},\"query-input\":{\"@type\":\"PropertyValueSpecification\",\"valueRequired\":true,\"valueName\":\"search_term_string\"}}],\"inLanguage\":\"fr-FR\"},{\"@type\":\"Person\",\"@id\":\"https:\\\/\\\/www.cftc-afr.fr\\\/#\\\/schema\\\/person\\\/053652abb78394970ba2d8c835ee0de7\",\"name\":\"webcsfv\",\"image\":{\"@type\":\"ImageObject\",\"inLanguage\":\"fr-FR\",\"@id\":\"https:\\\/\\\/secure.gravatar.com\\\/avatar\\\/3d8bf08c8feaca537ce41c2b95cec6c85a8036a1687877b5eb7cb09dcb9b6f06?s=96&d=mm&r=g\",\"url\":\"https:\\\/\\\/secure.gravatar.com\\\/avatar\\\/3d8bf08c8feaca537ce41c2b95cec6c85a8036a1687877b5eb7cb09dcb9b6f06?s=96&d=mm&r=g\",\"contentUrl\":\"https:\\\/\\\/secure.gravatar.com\\\/avatar\\\/3d8bf08c8feaca537ce41c2b95cec6c85a8036a1687877b5eb7cb09dcb9b6f06?s=96&d=mm&r=g\",\"caption\":\"webcsfv\"},\"url\":\"https:\\\/\\\/www.cftc-afr.fr\\\/index.php\\\/author\\\/webcsfv\\\/\"}]}<\/script>\n<!-- \/ Yoast SEO plugin. -->","yoast_head_json":{"title":"Le Mot du Secr\u00e9taire G\u00e9n\u00e9ral - CFTC-AFR","robots":{"index":"index","follow":"follow","max-snippet":"max-snippet:-1","max-image-preview":"max-image-preview:large","max-video-preview":"max-video-preview:-1"},"canonical":"https:\/\/www.cftc-afr.fr\/index.php\/2016\/09\/12\/le-mot-du-secretaire-general\/","og_locale":"fr_FR","og_type":"article","og_title":"Le mot du secr\u00e9taire G\u00e9n\u00e9ral | CFTC-AFR","og_description":"Quelques chiffres : - La population de la France affiche les 67 millions d\u2019habitants. - Une personne sur quatre a 60 ans ou plus. - ...","og_url":"https:\/\/www.cftc-afr.fr\/index.php\/2016\/09\/12\/le-mot-du-secretaire-general\/","og_site_name":"CFTC-AFR","article_published_time":"2016-09-12T13:41:48+00:00","article_modified_time":"2016-10-31T13:43:43+00:00","og_image":[{"width":200,"height":200,"url":"https:\/\/www.cftc-afr.fr\/wp-content\/uploads\/2016\/07\/10626084-close-up-de-l-argent-euro.jpg","type":"image\/jpeg"}],"author":"webcsfv","twitter_card":"summary_large_image","twitter_misc":{"\u00c9crit par":"webcsfv","Dur\u00e9e de lecture estim\u00e9e":"1 minute"},"schema":{"@context":"https:\/\/schema.org","@graph":[{"@type":"Article","@id":"https:\/\/www.cftc-afr.fr\/index.php\/2016\/09\/12\/le-mot-du-secretaire-general\/#article","isPartOf":{"@id":"https:\/\/www.cftc-afr.fr\/index.php\/2016\/09\/12\/le-mot-du-secretaire-general\/"},"author":{"name":"webcsfv","@id":"https:\/\/www.cftc-afr.fr\/#\/schema\/person\/053652abb78394970ba2d8c835ee0de7"},"headline":"Le Mot du Secr\u00e9taire G\u00e9n\u00e9ral","datePublished":"2016-09-12T13:41:48+00:00","dateModified":"2016-10-31T13:43:43+00:00","mainEntityOfPage":{"@id":"https:\/\/www.cftc-afr.fr\/index.php\/2016\/09\/12\/le-mot-du-secretaire-general\/"},"wordCount":142,"image":{"@id":"https:\/\/www.cftc-afr.fr\/index.php\/2016\/09\/12\/le-mot-du-secretaire-general\/#primaryimage"},"thumbnailUrl":"https:\/\/www.cftc-afr.fr\/wp-content\/uploads\/2016\/07\/10626084-close-up-de-l-argent-euro.jpg","keywords":["chiffres","retraite"],"articleSection":["Actualit\u00e9s"],"inLanguage":"fr-FR"},{"@type":"WebPage","@id":"https:\/\/www.cftc-afr.fr\/index.php\/2016\/09\/12\/le-mot-du-secretaire-general\/","url":"https:\/\/www.cftc-afr.fr\/index.php\/2016\/09\/12\/le-mot-du-secretaire-general\/","name":"Le Mot du Secr\u00e9taire G\u00e9n\u00e9ral - CFTC-AFR","isPartOf":{"@id":"https:\/\/www.cftc-afr.fr\/#website"},"primaryImageOfPage":{"@id":"https:\/\/www.cftc-afr.fr\/index.php\/2016\/09\/12\/le-mot-du-secretaire-general\/#primaryimage"},"image":{"@id":"https:\/\/www.cftc-afr.fr\/index.php\/2016\/09\/12\/le-mot-du-secretaire-general\/#primaryimage"},"thumbnailUrl":"https:\/\/www.cftc-afr.fr\/wp-content\/uploads\/2016\/07\/10626084-close-up-de-l-argent-euro.jpg","datePublished":"2016-09-12T13:41:48+00:00","dateModified":"2016-10-31T13:43:43+00:00","author":{"@id":"https:\/\/www.cftc-afr.fr\/#\/schema\/person\/053652abb78394970ba2d8c835ee0de7"},"breadcrumb":{"@id":"https:\/\/www.cftc-afr.fr\/index.php\/2016\/09\/12\/le-mot-du-secretaire-general\/#breadcrumb"},"inLanguage":"fr-FR","potentialAction":[{"@type":"ReadAction","target":["https:\/\/www.cftc-afr.fr\/index.php\/2016\/09\/12\/le-mot-du-secretaire-general\/"]}]},{"@type":"ImageObject","inLanguage":"fr-FR","@id":"https:\/\/www.cftc-afr.fr\/index.php\/2016\/09\/12\/le-mot-du-secretaire-general\/#primaryimage","url":"https:\/\/www.cftc-afr.fr\/wp-content\/uploads\/2016\/07\/10626084-close-up-de-l-argent-euro.jpg","contentUrl":"https:\/\/www.cftc-afr.fr\/wp-content\/uploads\/2016\/07\/10626084-close-up-de-l-argent-euro.jpg","width":200,"height":200,"caption":"Revenu"},{"@type":"BreadcrumbList","@id":"https:\/\/www.cftc-afr.fr\/index.php\/2016\/09\/12\/le-mot-du-secretaire-general\/#breadcrumb","itemListElement":[{"@type":"ListItem","position":1,"name":"Accueil","item":"https:\/\/www.cftc-afr.fr\/"},{"@type":"ListItem","position":2,"name":"Le Mot du Secr\u00e9taire G\u00e9n\u00e9ral"}]},{"@type":"WebSite","@id":"https:\/\/www.cftc-afr.fr\/#website","url":"https:\/\/www.cftc-afr.fr\/","name":"CFTC-AFR","description":"La vie \u00e0 d\u00e9fendre","potentialAction":[{"@type":"SearchAction","target":{"@type":"EntryPoint","urlTemplate":"https:\/\/www.cftc-afr.fr\/?s={search_term_string}"},"query-input":{"@type":"PropertyValueSpecification","valueRequired":true,"valueName":"search_term_string"}}],"inLanguage":"fr-FR"},{"@type":"Person","@id":"https:\/\/www.cftc-afr.fr\/#\/schema\/person\/053652abb78394970ba2d8c835ee0de7","name":"webcsfv","image":{"@type":"ImageObject","inLanguage":"fr-FR","@id":"https:\/\/secure.gravatar.com\/avatar\/3d8bf08c8feaca537ce41c2b95cec6c85a8036a1687877b5eb7cb09dcb9b6f06?s=96&d=mm&r=g","url":"https:\/\/secure.gravatar.com\/avatar\/3d8bf08c8feaca537ce41c2b95cec6c85a8036a1687877b5eb7cb09dcb9b6f06?s=96&d=mm&r=g","contentUrl":"https:\/\/secure.gravatar.com\/avatar\/3d8bf08c8feaca537ce41c2b95cec6c85a8036a1687877b5eb7cb09dcb9b6f06?s=96&d=mm&r=g","caption":"webcsfv"},"url":"https:\/\/www.cftc-afr.fr\/index.php\/author\/webcsfv\/"}]}},"jetpack_publicize_connections":[],"jetpack_featured_media_url":"https:\/\/www.cftc-afr.fr\/wp-content\/uploads\/2016\/07\/10626084-close-up-de-l-argent-euro.jpg","jetpack_sharing_enabled":true,"jetpack_shortlink":"https:\/\/wp.me\/pauKx7-3N","_links":{"self":[{"href":"https:\/\/www.cftc-afr.fr\/index.php\/wp-json\/wp\/v2\/posts\/235","targetHints":{"allow":["GET"]}}],"collection":[{"href":"https:\/\/www.cftc-afr.fr\/index.php\/wp-json\/wp\/v2\/posts"}],"about":[{"href":"https:\/\/www.cftc-afr.fr\/index.php\/wp-json\/wp\/v2\/types\/post"}],"author":[{"embeddable":true,"href":"https:\/\/www.cftc-afr.fr\/index.php\/wp-json\/wp\/v2\/users\/1"}],"replies":[{"embeddable":true,"href":"https:\/\/www.cftc-afr.fr\/index.php\/wp-json\/wp\/v2\/comments?post=235"}],"version-history":[{"count":1,"href":"https:\/\/www.cftc-afr.fr\/index.php\/wp-json\/wp\/v2\/posts\/235\/revisions"}],"predecessor-version":[{"id":236,"href":"https:\/\/www.cftc-afr.fr\/index.php\/wp-json\/wp\/v2\/posts\/235\/revisions\/236"}],"wp:featuredmedia":[{"embeddable":true,"href":"https:\/\/www.cftc-afr.fr\/index.php\/wp-json\/wp\/v2\/media\/208"}],"wp:attachment":[{"href":"https:\/\/www.cftc-afr.fr\/index.php\/wp-json\/wp\/v2\/media?parent=235"}],"wp:term":[{"taxonomy":"category","embeddable":true,"href":"https:\/\/www.cftc-afr.fr\/index.php\/wp-json\/wp\/v2\/categories?post=235"},{"taxonomy":"post_tag","embeddable":true,"href":"https:\/\/www.cftc-afr.fr\/index.php\/wp-json\/wp\/v2\/tags?post=235"}],"curies":[{"name":"wp","href":"https:\/\/api.w.org\/{rel}","templated":true}]}}