{"id":216,"date":"2016-08-18T10:51:32","date_gmt":"2016-08-18T09:51:32","guid":{"rendered":"https:\/\/www.cftc-afr.fr\/?p=216"},"modified":"2016-08-18T10:52:23","modified_gmt":"2016-08-18T09:52:23","slug":"la-securite-des-seniors","status":"publish","type":"post","link":"https:\/\/www.cftc-afr.fr\/index.php\/2016\/08\/18\/la-securite-des-seniors\/","title":{"rendered":"La s\u00e9curit\u00e9 des seniors"},"content":{"rendered":"<p>Contrairement aux id\u00e9es re\u00e7ues, les seniors repr\u00e9sentent les premi\u00e8res victimes des accidents de la route parmi les pi\u00e9tons. <!--more--><br \/>\nEn Effet 45% des pi\u00e9tons tu\u00e9s sont \u00e2g\u00e9s de 65 ans et plus . Avec l\u2019\u00e2ge, le champ de vision r\u00e9tr\u00e9cit, l\u2019acuit\u00e9 visuelle s\u2019affaiblit , la qualit\u00e9 de l\u2019audition diminue ainsi que le r\u00e9flexe.<br \/>\nUne vigilance accrue s\u2019impose \u00e0 chacun.<\/p>\n","protected":false},"excerpt":{"rendered":"<p>Contrairement aux id\u00e9es re\u00e7ues, les seniors repr\u00e9sentent les premi\u00e8res victimes des accidents de la route parmi les pi\u00e9tons.<\/p>\n","protected":false},"author":1,"featured_media":218,"comment_status":"closed","ping_status":"closed","sticky":false,"template":"","format":"standard","meta":{"jetpack_post_was_ever_published":false,"_jetpack_newsletter_access":"","_jetpack_dont_email_post_to_subs":false,"_jetpack_newsletter_tier_id":0,"_jetpack_memberships_contains_paywalled_content":false,"_jetpack_memberships_contains_paid_content":false,"footnotes":"","jetpack_publicize_message":"","jetpack_publicize_feature_enabled":true,"jetpack_social_post_already_shared":false,"jetpack_social_options":{"image_generator_settings":{"template":"highway","default_image_id":0,"font":"","enabled":false},"version":2}},"categories":[4],"tags":[],"class_list":["post-216","post","type-post","status-publish","format-standard","has-post-thumbnail","hentry","category-actualites"],"yoast_head":"<!-- This site is optimized with the Yoast SEO plugin v27.5 - https:\/\/yoast.com\/product\/yoast-seo-wordpress\/ -->\n<title>La s\u00e9curit\u00e9 des seniors - CFTC-AFR<\/title>\n<meta name=\"robots\" content=\"index, follow, max-snippet:-1, max-image-preview:large, max-video-preview:-1\" \/>\n<link rel=\"canonical\" href=\"https:\/\/www.cftc-afr.fr\/index.php\/2016\/08\/18\/la-securite-des-seniors\/\" \/>\n<meta property=\"og:locale\" content=\"fr_FR\" \/>\n<meta property=\"og:type\" content=\"article\" \/>\n<meta property=\"og:title\" content=\"La s\u00e9curit\u00e9 des seniors - CFTC-AFR\" \/>\n<meta property=\"og:description\" content=\"Contrairement aux id\u00e9es re\u00e7ues, les seniors repr\u00e9sentent les premi\u00e8res victimes des accidents de la route parmi les pi\u00e9tons.\" \/>\n<meta property=\"og:url\" content=\"https:\/\/www.cftc-afr.fr\/index.php\/2016\/08\/18\/la-securite-des-seniors\/\" \/>\n<meta property=\"og:site_name\" content=\"CFTC-AFR\" \/>\n<meta property=\"article:published_time\" content=\"2016-08-18T09:51:32+00:00\" \/>\n<meta property=\"article:modified_time\" content=\"2016-08-18T09:52:23+00:00\" \/>\n<meta property=\"og:image\" content=\"https:\/\/www.cftc-afr.fr\/wp-content\/uploads\/2016\/08\/panneau-signalisation-web.jpg\" \/>\n\t<meta property=\"og:image:width\" content=\"200\" \/>\n\t<meta property=\"og:image:height\" content=\"200\" \/>\n\t<meta property=\"og:image:type\" content=\"image\/jpeg\" \/>\n<meta name=\"author\" content=\"webcsfv\" \/>\n<meta name=\"twitter:card\" content=\"summary_large_image\" \/>\n<meta name=\"twitter:label1\" content=\"\u00c9crit par\" \/>\n\t<meta name=\"twitter:data1\" content=\"webcsfv\" \/>\n<script type=\"application\/ld+json\" class=\"yoast-schema-graph\">{\"@context\":\"https:\\\/\\\/schema.org\",\"@graph\":[{\"@type\":\"Article\",\"@id\":\"https:\\\/\\\/www.cftc-afr.fr\\\/index.php\\\/2016\\\/08\\\/18\\\/la-securite-des-seniors\\\/#article\",\"isPartOf\":{\"@id\":\"https:\\\/\\\/www.cftc-afr.fr\\\/index.php\\\/2016\\\/08\\\/18\\\/la-securite-des-seniors\\\/\"},\"author\":{\"name\":\"webcsfv\",\"@id\":\"https:\\\/\\\/www.cftc-afr.fr\\\/#\\\/schema\\\/person\\\/053652abb78394970ba2d8c835ee0de7\"},\"headline\":\"La s\u00e9curit\u00e9 des seniors\",\"datePublished\":\"2016-08-18T09:51:32+00:00\",\"dateModified\":\"2016-08-18T09:52:23+00:00\",\"mainEntityOfPage\":{\"@id\":\"https:\\\/\\\/www.cftc-afr.fr\\\/index.php\\\/2016\\\/08\\\/18\\\/la-securite-des-seniors\\\/\"},\"wordCount\":74,\"image\":{\"@id\":\"https:\\\/\\\/www.cftc-afr.fr\\\/index.php\\\/2016\\\/08\\\/18\\\/la-securite-des-seniors\\\/#primaryimage\"},\"thumbnailUrl\":\"https:\\\/\\\/www.cftc-afr.fr\\\/wp-content\\\/uploads\\\/2016\\\/08\\\/panneau-signalisation-web.jpg\",\"articleSection\":[\"Actualit\u00e9s\"],\"inLanguage\":\"fr-FR\"},{\"@type\":\"WebPage\",\"@id\":\"https:\\\/\\\/www.cftc-afr.fr\\\/index.php\\\/2016\\\/08\\\/18\\\/la-securite-des-seniors\\\/\",\"url\":\"https:\\\/\\\/www.cftc-afr.fr\\\/index.php\\\/2016\\\/08\\\/18\\\/la-securite-des-seniors\\\/\",\"name\":\"La s\u00e9curit\u00e9 des seniors - CFTC-AFR\",\"isPartOf\":{\"@id\":\"https:\\\/\\\/www.cftc-afr.fr\\\/#website\"},\"primaryImageOfPage\":{\"@id\":\"https:\\\/\\\/www.cftc-afr.fr\\\/index.php\\\/2016\\\/08\\\/18\\\/la-securite-des-seniors\\\/#primaryimage\"},\"image\":{\"@id\":\"https:\\\/\\\/www.cftc-afr.fr\\\/index.php\\\/2016\\\/08\\\/18\\\/la-securite-des-seniors\\\/#primaryimage\"},\"thumbnailUrl\":\"https:\\\/\\\/www.cftc-afr.fr\\\/wp-content\\\/uploads\\\/2016\\\/08\\\/panneau-signalisation-web.jpg\",\"datePublished\":\"2016-08-18T09:51:32+00:00\",\"dateModified\":\"2016-08-18T09:52:23+00:00\",\"author\":{\"@id\":\"https:\\\/\\\/www.cftc-afr.fr\\\/#\\\/schema\\\/person\\\/053652abb78394970ba2d8c835ee0de7\"},\"breadcrumb\":{\"@id\":\"https:\\\/\\\/www.cftc-afr.fr\\\/index.php\\\/2016\\\/08\\\/18\\\/la-securite-des-seniors\\\/#breadcrumb\"},\"inLanguage\":\"fr-FR\",\"potentialAction\":[{\"@type\":\"ReadAction\",\"target\":[\"https:\\\/\\\/www.cftc-afr.fr\\\/index.php\\\/2016\\\/08\\\/18\\\/la-securite-des-seniors\\\/\"]}]},{\"@type\":\"ImageObject\",\"inLanguage\":\"fr-FR\",\"@id\":\"https:\\\/\\\/www.cftc-afr.fr\\\/index.php\\\/2016\\\/08\\\/18\\\/la-securite-des-seniors\\\/#primaryimage\",\"url\":\"https:\\\/\\\/www.cftc-afr.fr\\\/wp-content\\\/uploads\\\/2016\\\/08\\\/panneau-signalisation-web.jpg\",\"contentUrl\":\"https:\\\/\\\/www.cftc-afr.fr\\\/wp-content\\\/uploads\\\/2016\\\/08\\\/panneau-signalisation-web.jpg\",\"width\":200,\"height\":200},{\"@type\":\"BreadcrumbList\",\"@id\":\"https:\\\/\\\/www.cftc-afr.fr\\\/index.php\\\/2016\\\/08\\\/18\\\/la-securite-des-seniors\\\/#breadcrumb\",\"itemListElement\":[{\"@type\":\"ListItem\",\"position\":1,\"name\":\"Accueil\",\"item\":\"https:\\\/\\\/www.cftc-afr.fr\\\/\"},{\"@type\":\"ListItem\",\"position\":2,\"name\":\"La s\u00e9curit\u00e9 des seniors\"}]},{\"@type\":\"WebSite\",\"@id\":\"https:\\\/\\\/www.cftc-afr.fr\\\/#website\",\"url\":\"https:\\\/\\\/www.cftc-afr.fr\\\/\",\"name\":\"CFTC-AFR\",\"description\":\"La vie \u00e0 d\u00e9fendre\",\"potentialAction\":[{\"@type\":\"SearchAction\",\"target\":{\"@type\":\"EntryPoint\",\"urlTemplate\":\"https:\\\/\\\/www.cftc-afr.fr\\\/?s={search_term_string}\"},\"query-input\":{\"@type\":\"PropertyValueSpecification\",\"valueRequired\":true,\"valueName\":\"search_term_string\"}}],\"inLanguage\":\"fr-FR\"},{\"@type\":\"Person\",\"@id\":\"https:\\\/\\\/www.cftc-afr.fr\\\/#\\\/schema\\\/person\\\/053652abb78394970ba2d8c835ee0de7\",\"name\":\"webcsfv\",\"image\":{\"@type\":\"ImageObject\",\"inLanguage\":\"fr-FR\",\"@id\":\"https:\\\/\\\/secure.gravatar.com\\\/avatar\\\/3d8bf08c8feaca537ce41c2b95cec6c85a8036a1687877b5eb7cb09dcb9b6f06?s=96&d=mm&r=g\",\"url\":\"https:\\\/\\\/secure.gravatar.com\\\/avatar\\\/3d8bf08c8feaca537ce41c2b95cec6c85a8036a1687877b5eb7cb09dcb9b6f06?s=96&d=mm&r=g\",\"contentUrl\":\"https:\\\/\\\/secure.gravatar.com\\\/avatar\\\/3d8bf08c8feaca537ce41c2b95cec6c85a8036a1687877b5eb7cb09dcb9b6f06?s=96&d=mm&r=g\",\"caption\":\"webcsfv\"},\"url\":\"https:\\\/\\\/www.cftc-afr.fr\\\/index.php\\\/author\\\/webcsfv\\\/\"}]}<\/script>\n<!-- \/ Yoast SEO plugin. -->","yoast_head_json":{"title":"La s\u00e9curit\u00e9 des seniors - CFTC-AFR","robots":{"index":"index","follow":"follow","max-snippet":"max-snippet:-1","max-image-preview":"max-image-preview:large","max-video-preview":"max-video-preview:-1"},"canonical":"https:\/\/www.cftc-afr.fr\/index.php\/2016\/08\/18\/la-securite-des-seniors\/","og_locale":"fr_FR","og_type":"article","og_title":"La s\u00e9curit\u00e9 des seniors - CFTC-AFR","og_description":"Contrairement aux id\u00e9es re\u00e7ues, les seniors repr\u00e9sentent les premi\u00e8res victimes des accidents de la route parmi les pi\u00e9tons.","og_url":"https:\/\/www.cftc-afr.fr\/index.php\/2016\/08\/18\/la-securite-des-seniors\/","og_site_name":"CFTC-AFR","article_published_time":"2016-08-18T09:51:32+00:00","article_modified_time":"2016-08-18T09:52:23+00:00","og_image":[{"width":200,"height":200,"url":"https:\/\/www.cftc-afr.fr\/wp-content\/uploads\/2016\/08\/panneau-signalisation-web.jpg","type":"image\/jpeg"}],"author":"webcsfv","twitter_card":"summary_large_image","twitter_misc":{"\u00c9crit par":"webcsfv"},"schema":{"@context":"https:\/\/schema.org","@graph":[{"@type":"Article","@id":"https:\/\/www.cftc-afr.fr\/index.php\/2016\/08\/18\/la-securite-des-seniors\/#article","isPartOf":{"@id":"https:\/\/www.cftc-afr.fr\/index.php\/2016\/08\/18\/la-securite-des-seniors\/"},"author":{"name":"webcsfv","@id":"https:\/\/www.cftc-afr.fr\/#\/schema\/person\/053652abb78394970ba2d8c835ee0de7"},"headline":"La s\u00e9curit\u00e9 des seniors","datePublished":"2016-08-18T09:51:32+00:00","dateModified":"2016-08-18T09:52:23+00:00","mainEntityOfPage":{"@id":"https:\/\/www.cftc-afr.fr\/index.php\/2016\/08\/18\/la-securite-des-seniors\/"},"wordCount":74,"image":{"@id":"https:\/\/www.cftc-afr.fr\/index.php\/2016\/08\/18\/la-securite-des-seniors\/#primaryimage"},"thumbnailUrl":"https:\/\/www.cftc-afr.fr\/wp-content\/uploads\/2016\/08\/panneau-signalisation-web.jpg","articleSection":["Actualit\u00e9s"],"inLanguage":"fr-FR"},{"@type":"WebPage","@id":"https:\/\/www.cftc-afr.fr\/index.php\/2016\/08\/18\/la-securite-des-seniors\/","url":"https:\/\/www.cftc-afr.fr\/index.php\/2016\/08\/18\/la-securite-des-seniors\/","name":"La s\u00e9curit\u00e9 des seniors - CFTC-AFR","isPartOf":{"@id":"https:\/\/www.cftc-afr.fr\/#website"},"primaryImageOfPage":{"@id":"https:\/\/www.cftc-afr.fr\/index.php\/2016\/08\/18\/la-securite-des-seniors\/#primaryimage"},"image":{"@id":"https:\/\/www.cftc-afr.fr\/index.php\/2016\/08\/18\/la-securite-des-seniors\/#primaryimage"},"thumbnailUrl":"https:\/\/www.cftc-afr.fr\/wp-content\/uploads\/2016\/08\/panneau-signalisation-web.jpg","datePublished":"2016-08-18T09:51:32+00:00","dateModified":"2016-08-18T09:52:23+00:00","author":{"@id":"https:\/\/www.cftc-afr.fr\/#\/schema\/person\/053652abb78394970ba2d8c835ee0de7"},"breadcrumb":{"@id":"https:\/\/www.cftc-afr.fr\/index.php\/2016\/08\/18\/la-securite-des-seniors\/#breadcrumb"},"inLanguage":"fr-FR","potentialAction":[{"@type":"ReadAction","target":["https:\/\/www.cftc-afr.fr\/index.php\/2016\/08\/18\/la-securite-des-seniors\/"]}]},{"@type":"ImageObject","inLanguage":"fr-FR","@id":"https:\/\/www.cftc-afr.fr\/index.php\/2016\/08\/18\/la-securite-des-seniors\/#primaryimage","url":"https:\/\/www.cftc-afr.fr\/wp-content\/uploads\/2016\/08\/panneau-signalisation-web.jpg","contentUrl":"https:\/\/www.cftc-afr.fr\/wp-content\/uploads\/2016\/08\/panneau-signalisation-web.jpg","width":200,"height":200},{"@type":"BreadcrumbList","@id":"https:\/\/www.cftc-afr.fr\/index.php\/2016\/08\/18\/la-securite-des-seniors\/#breadcrumb","itemListElement":[{"@type":"ListItem","position":1,"name":"Accueil","item":"https:\/\/www.cftc-afr.fr\/"},{"@type":"ListItem","position":2,"name":"La s\u00e9curit\u00e9 des seniors"}]},{"@type":"WebSite","@id":"https:\/\/www.cftc-afr.fr\/#website","url":"https:\/\/www.cftc-afr.fr\/","name":"CFTC-AFR","description":"La vie \u00e0 d\u00e9fendre","potentialAction":[{"@type":"SearchAction","target":{"@type":"EntryPoint","urlTemplate":"https:\/\/www.cftc-afr.fr\/?s={search_term_string}"},"query-input":{"@type":"PropertyValueSpecification","valueRequired":true,"valueName":"search_term_string"}}],"inLanguage":"fr-FR"},{"@type":"Person","@id":"https:\/\/www.cftc-afr.fr\/#\/schema\/person\/053652abb78394970ba2d8c835ee0de7","name":"webcsfv","image":{"@type":"ImageObject","inLanguage":"fr-FR","@id":"https:\/\/secure.gravatar.com\/avatar\/3d8bf08c8feaca537ce41c2b95cec6c85a8036a1687877b5eb7cb09dcb9b6f06?s=96&d=mm&r=g","url":"https:\/\/secure.gravatar.com\/avatar\/3d8bf08c8feaca537ce41c2b95cec6c85a8036a1687877b5eb7cb09dcb9b6f06?s=96&d=mm&r=g","contentUrl":"https:\/\/secure.gravatar.com\/avatar\/3d8bf08c8feaca537ce41c2b95cec6c85a8036a1687877b5eb7cb09dcb9b6f06?s=96&d=mm&r=g","caption":"webcsfv"},"url":"https:\/\/www.cftc-afr.fr\/index.php\/author\/webcsfv\/"}]}},"jetpack_publicize_connections":[],"jetpack_featured_media_url":"https:\/\/www.cftc-afr.fr\/wp-content\/uploads\/2016\/08\/panneau-signalisation-web.jpg","jetpack_sharing_enabled":true,"jetpack_shortlink":"https:\/\/wp.me\/pauKx7-3u","_links":{"self":[{"href":"https:\/\/www.cftc-afr.fr\/index.php\/wp-json\/wp\/v2\/posts\/216","targetHints":{"allow":["GET"]}}],"collection":[{"href":"https:\/\/www.cftc-afr.fr\/index.php\/wp-json\/wp\/v2\/posts"}],"about":[{"href":"https:\/\/www.cftc-afr.fr\/index.php\/wp-json\/wp\/v2\/types\/post"}],"author":[{"embeddable":true,"href":"https:\/\/www.cftc-afr.fr\/index.php\/wp-json\/wp\/v2\/users\/1"}],"replies":[{"embeddable":true,"href":"https:\/\/www.cftc-afr.fr\/index.php\/wp-json\/wp\/v2\/comments?post=216"}],"version-history":[{"count":4,"href":"https:\/\/www.cftc-afr.fr\/index.php\/wp-json\/wp\/v2\/posts\/216\/revisions"}],"predecessor-version":[{"id":221,"href":"https:\/\/www.cftc-afr.fr\/index.php\/wp-json\/wp\/v2\/posts\/216\/revisions\/221"}],"wp:featuredmedia":[{"embeddable":true,"href":"https:\/\/www.cftc-afr.fr\/index.php\/wp-json\/wp\/v2\/media\/218"}],"wp:attachment":[{"href":"https:\/\/www.cftc-afr.fr\/index.php\/wp-json\/wp\/v2\/media?parent=216"}],"wp:term":[{"taxonomy":"category","embeddable":true,"href":"https:\/\/www.cftc-afr.fr\/index.php\/wp-json\/wp\/v2\/categories?post=216"},{"taxonomy":"post_tag","embeddable":true,"href":"https:\/\/www.cftc-afr.fr\/index.php\/wp-json\/wp\/v2\/tags?post=216"}],"curies":[{"name":"wp","href":"https:\/\/api.w.org\/{rel}","templated":true}]}}