{"id":206,"date":"2016-07-19T11:10:14","date_gmt":"2016-07-19T10:10:14","guid":{"rendered":"https:\/\/www.cftc-afr.fr\/?p=206"},"modified":"2016-08-18T10:19:47","modified_gmt":"2016-08-18T09:19:47","slug":"ephad-maisons-de-retraite-droits-residents","status":"publish","type":"post","link":"https:\/\/www.cftc-afr.fr\/index.php\/2016\/07\/19\/ephad-maisons-de-retraite-droits-residents\/","title":{"rendered":"EPHAD et MAISONS de RETRAITE\u00a0:\u00a0 les DROITS des RESIDENTS"},"content":{"rendered":"<p style=\"text-align: justify;\"><strong><u>Tarif et admission en EHPAD<\/u> :\u00a0<\/strong>Si les prix des maisons de retraite et des EHPAD varient en fonction des \u00e9tablissements, chacun d\u2019entre eux doit n\u00e9anmoins respecter des r\u00e8gles d\u2019admission et de tarification communes.<!--more--><\/p>\n<p style=\"text-align: justify;\"><strong><u>Affichage des prix<\/u><\/strong>\u00a0: dans un objectif de plus grande transparence des prix, de nouvelles r\u00e8gles en mati\u00e8re d\u2019affichage des tarifs entrent en vigueur \u00e0 compter du 1<sup>er<\/sup> Juillet 2016. Les \u00e9tablissements devront d\u00e9livrer la liste de leurs prestations minimales d\u2019h\u00e9bergement qui comprennent l\u2019accueil h\u00f4telier, la restauration, le blanchissage, l\u2019animation et la vie sociale, et l\u2019administration en g\u00e9n\u00e9rale.<\/p>\n<p style=\"text-align: justify;\">La grille des tarifs communiqu\u00e9s par les EHPAD doivent comprendre l\u2019ensemble de ces prestations, les tarifs doivent \u00eatre accessibles en ligne avant 2017 sur le site.<\/p>\n<p style=\"text-align: center;\"><a href=\"http:\/\/www.pour-les-personnes-agees.gouv.fr\/\">http:\/\/www.pour-les-personnes-agees.gouv.fr\/<\/a><\/p>\n","protected":false},"excerpt":{"rendered":"<p>Tarif et admission en EHPAD :\u00a0Si les prix des maisons de retraite et des EHPAD varient en fonction des \u00e9tablissements, chacun d\u2019entre eux doit n\u00e9anmoins respecter des r\u00e8gles d\u2019admission et de tarification communes.<\/p>\n","protected":false},"author":1,"featured_media":208,"comment_status":"closed","ping_status":"closed","sticky":false,"template":"","format":"standard","meta":{"jetpack_post_was_ever_published":false,"_jetpack_newsletter_access":"","_jetpack_dont_email_post_to_subs":false,"_jetpack_newsletter_tier_id":0,"_jetpack_memberships_contains_paywalled_content":false,"_jetpack_memberships_contains_paid_content":false,"footnotes":"","jetpack_publicize_message":"","jetpack_publicize_feature_enabled":true,"jetpack_social_post_already_shared":false,"jetpack_social_options":{"image_generator_settings":{"template":"highway","default_image_id":0,"font":"","enabled":false},"version":2}},"categories":[4],"tags":[],"class_list":["post-206","post","type-post","status-publish","format-standard","has-post-thumbnail","hentry","category-actualites"],"yoast_head":"<!-- This site is optimized with the Yoast SEO plugin v27.5 - https:\/\/yoast.com\/product\/yoast-seo-wordpress\/ -->\n<title>EPHAD et MAISONS de RETRAITE\u00a0:\u00a0 les DROITS des RESIDENTS - CFTC-AFR<\/title>\n<meta name=\"robots\" content=\"index, follow, max-snippet:-1, max-image-preview:large, max-video-preview:-1\" \/>\n<link rel=\"canonical\" href=\"https:\/\/www.cftc-afr.fr\/index.php\/2016\/07\/19\/ephad-maisons-de-retraite-droits-residents\/\" \/>\n<meta property=\"og:locale\" content=\"fr_FR\" \/>\n<meta property=\"og:type\" content=\"article\" \/>\n<meta property=\"og:title\" content=\"EPHAD et MAISONS de RETRAITE\u00a0:\u00a0 les DROITS des RESIDENTS - CFTC-AFR\" \/>\n<meta property=\"og:description\" content=\"Tarif et admission en EHPAD :\u00a0Si les prix des maisons de retraite et des EHPAD varient en fonction des \u00e9tablissements, chacun d\u2019entre eux doit n\u00e9anmoins respecter des r\u00e8gles d\u2019admission et de tarification communes.\" \/>\n<meta property=\"og:url\" content=\"https:\/\/www.cftc-afr.fr\/index.php\/2016\/07\/19\/ephad-maisons-de-retraite-droits-residents\/\" \/>\n<meta property=\"og:site_name\" content=\"CFTC-AFR\" \/>\n<meta property=\"article:published_time\" content=\"2016-07-19T10:10:14+00:00\" \/>\n<meta property=\"article:modified_time\" content=\"2016-08-18T09:19:47+00:00\" \/>\n<meta property=\"og:image\" content=\"https:\/\/www.cftc-afr.fr\/wp-content\/uploads\/2016\/07\/10626084-close-up-de-l-argent-euro.jpg\" \/>\n\t<meta property=\"og:image:width\" content=\"200\" \/>\n\t<meta property=\"og:image:height\" content=\"200\" \/>\n\t<meta property=\"og:image:type\" content=\"image\/jpeg\" \/>\n<meta name=\"author\" content=\"webcsfv\" \/>\n<meta name=\"twitter:card\" content=\"summary_large_image\" \/>\n<meta name=\"twitter:label1\" content=\"\u00c9crit par\" \/>\n\t<meta name=\"twitter:data1\" content=\"webcsfv\" \/>\n\t<meta name=\"twitter:label2\" content=\"Dur\u00e9e de lecture estim\u00e9e\" \/>\n\t<meta name=\"twitter:data2\" content=\"1 minute\" \/>\n<script type=\"application\/ld+json\" class=\"yoast-schema-graph\">{\"@context\":\"https:\\\/\\\/schema.org\",\"@graph\":[{\"@type\":\"Article\",\"@id\":\"https:\\\/\\\/www.cftc-afr.fr\\\/index.php\\\/2016\\\/07\\\/19\\\/ephad-maisons-de-retraite-droits-residents\\\/#article\",\"isPartOf\":{\"@id\":\"https:\\\/\\\/www.cftc-afr.fr\\\/index.php\\\/2016\\\/07\\\/19\\\/ephad-maisons-de-retraite-droits-residents\\\/\"},\"author\":{\"name\":\"webcsfv\",\"@id\":\"https:\\\/\\\/www.cftc-afr.fr\\\/#\\\/schema\\\/person\\\/053652abb78394970ba2d8c835ee0de7\"},\"headline\":\"EPHAD et MAISONS de RETRAITE\u00a0:\u00a0 les DROITS des RESIDENTS\",\"datePublished\":\"2016-07-19T10:10:14+00:00\",\"dateModified\":\"2016-08-18T09:19:47+00:00\",\"mainEntityOfPage\":{\"@id\":\"https:\\\/\\\/www.cftc-afr.fr\\\/index.php\\\/2016\\\/07\\\/19\\\/ephad-maisons-de-retraite-droits-residents\\\/\"},\"wordCount\":145,\"image\":{\"@id\":\"https:\\\/\\\/www.cftc-afr.fr\\\/index.php\\\/2016\\\/07\\\/19\\\/ephad-maisons-de-retraite-droits-residents\\\/#primaryimage\"},\"thumbnailUrl\":\"https:\\\/\\\/www.cftc-afr.fr\\\/wp-content\\\/uploads\\\/2016\\\/07\\\/10626084-close-up-de-l-argent-euro.jpg\",\"articleSection\":[\"Actualit\u00e9s\"],\"inLanguage\":\"fr-FR\"},{\"@type\":\"WebPage\",\"@id\":\"https:\\\/\\\/www.cftc-afr.fr\\\/index.php\\\/2016\\\/07\\\/19\\\/ephad-maisons-de-retraite-droits-residents\\\/\",\"url\":\"https:\\\/\\\/www.cftc-afr.fr\\\/index.php\\\/2016\\\/07\\\/19\\\/ephad-maisons-de-retraite-droits-residents\\\/\",\"name\":\"EPHAD et MAISONS de RETRAITE\u00a0:\u00a0 les DROITS des RESIDENTS - CFTC-AFR\",\"isPartOf\":{\"@id\":\"https:\\\/\\\/www.cftc-afr.fr\\\/#website\"},\"primaryImageOfPage\":{\"@id\":\"https:\\\/\\\/www.cftc-afr.fr\\\/index.php\\\/2016\\\/07\\\/19\\\/ephad-maisons-de-retraite-droits-residents\\\/#primaryimage\"},\"image\":{\"@id\":\"https:\\\/\\\/www.cftc-afr.fr\\\/index.php\\\/2016\\\/07\\\/19\\\/ephad-maisons-de-retraite-droits-residents\\\/#primaryimage\"},\"thumbnailUrl\":\"https:\\\/\\\/www.cftc-afr.fr\\\/wp-content\\\/uploads\\\/2016\\\/07\\\/10626084-close-up-de-l-argent-euro.jpg\",\"datePublished\":\"2016-07-19T10:10:14+00:00\",\"dateModified\":\"2016-08-18T09:19:47+00:00\",\"author\":{\"@id\":\"https:\\\/\\\/www.cftc-afr.fr\\\/#\\\/schema\\\/person\\\/053652abb78394970ba2d8c835ee0de7\"},\"breadcrumb\":{\"@id\":\"https:\\\/\\\/www.cftc-afr.fr\\\/index.php\\\/2016\\\/07\\\/19\\\/ephad-maisons-de-retraite-droits-residents\\\/#breadcrumb\"},\"inLanguage\":\"fr-FR\",\"potentialAction\":[{\"@type\":\"ReadAction\",\"target\":[\"https:\\\/\\\/www.cftc-afr.fr\\\/index.php\\\/2016\\\/07\\\/19\\\/ephad-maisons-de-retraite-droits-residents\\\/\"]}]},{\"@type\":\"ImageObject\",\"inLanguage\":\"fr-FR\",\"@id\":\"https:\\\/\\\/www.cftc-afr.fr\\\/index.php\\\/2016\\\/07\\\/19\\\/ephad-maisons-de-retraite-droits-residents\\\/#primaryimage\",\"url\":\"https:\\\/\\\/www.cftc-afr.fr\\\/wp-content\\\/uploads\\\/2016\\\/07\\\/10626084-close-up-de-l-argent-euro.jpg\",\"contentUrl\":\"https:\\\/\\\/www.cftc-afr.fr\\\/wp-content\\\/uploads\\\/2016\\\/07\\\/10626084-close-up-de-l-argent-euro.jpg\",\"width\":200,\"height\":200,\"caption\":\"Revenu\"},{\"@type\":\"BreadcrumbList\",\"@id\":\"https:\\\/\\\/www.cftc-afr.fr\\\/index.php\\\/2016\\\/07\\\/19\\\/ephad-maisons-de-retraite-droits-residents\\\/#breadcrumb\",\"itemListElement\":[{\"@type\":\"ListItem\",\"position\":1,\"name\":\"Accueil\",\"item\":\"https:\\\/\\\/www.cftc-afr.fr\\\/\"},{\"@type\":\"ListItem\",\"position\":2,\"name\":\"EPHAD et MAISONS de RETRAITE\u00a0:\u00a0 les DROITS des RESIDENTS\"}]},{\"@type\":\"WebSite\",\"@id\":\"https:\\\/\\\/www.cftc-afr.fr\\\/#website\",\"url\":\"https:\\\/\\\/www.cftc-afr.fr\\\/\",\"name\":\"CFTC-AFR\",\"description\":\"La vie \u00e0 d\u00e9fendre\",\"potentialAction\":[{\"@type\":\"SearchAction\",\"target\":{\"@type\":\"EntryPoint\",\"urlTemplate\":\"https:\\\/\\\/www.cftc-afr.fr\\\/?s={search_term_string}\"},\"query-input\":{\"@type\":\"PropertyValueSpecification\",\"valueRequired\":true,\"valueName\":\"search_term_string\"}}],\"inLanguage\":\"fr-FR\"},{\"@type\":\"Person\",\"@id\":\"https:\\\/\\\/www.cftc-afr.fr\\\/#\\\/schema\\\/person\\\/053652abb78394970ba2d8c835ee0de7\",\"name\":\"webcsfv\",\"image\":{\"@type\":\"ImageObject\",\"inLanguage\":\"fr-FR\",\"@id\":\"https:\\\/\\\/secure.gravatar.com\\\/avatar\\\/3d8bf08c8feaca537ce41c2b95cec6c85a8036a1687877b5eb7cb09dcb9b6f06?s=96&d=mm&r=g\",\"url\":\"https:\\\/\\\/secure.gravatar.com\\\/avatar\\\/3d8bf08c8feaca537ce41c2b95cec6c85a8036a1687877b5eb7cb09dcb9b6f06?s=96&d=mm&r=g\",\"contentUrl\":\"https:\\\/\\\/secure.gravatar.com\\\/avatar\\\/3d8bf08c8feaca537ce41c2b95cec6c85a8036a1687877b5eb7cb09dcb9b6f06?s=96&d=mm&r=g\",\"caption\":\"webcsfv\"},\"url\":\"https:\\\/\\\/www.cftc-afr.fr\\\/index.php\\\/author\\\/webcsfv\\\/\"}]}<\/script>\n<!-- \/ Yoast SEO plugin. -->","yoast_head_json":{"title":"EPHAD et MAISONS de RETRAITE\u00a0:\u00a0 les DROITS des RESIDENTS - CFTC-AFR","robots":{"index":"index","follow":"follow","max-snippet":"max-snippet:-1","max-image-preview":"max-image-preview:large","max-video-preview":"max-video-preview:-1"},"canonical":"https:\/\/www.cftc-afr.fr\/index.php\/2016\/07\/19\/ephad-maisons-de-retraite-droits-residents\/","og_locale":"fr_FR","og_type":"article","og_title":"EPHAD et MAISONS de RETRAITE\u00a0:\u00a0 les DROITS des RESIDENTS - CFTC-AFR","og_description":"Tarif et admission en EHPAD :\u00a0Si les prix des maisons de retraite et des EHPAD varient en fonction des \u00e9tablissements, chacun d\u2019entre eux doit n\u00e9anmoins respecter des r\u00e8gles d\u2019admission et de tarification communes.","og_url":"https:\/\/www.cftc-afr.fr\/index.php\/2016\/07\/19\/ephad-maisons-de-retraite-droits-residents\/","og_site_name":"CFTC-AFR","article_published_time":"2016-07-19T10:10:14+00:00","article_modified_time":"2016-08-18T09:19:47+00:00","og_image":[{"width":200,"height":200,"url":"https:\/\/www.cftc-afr.fr\/wp-content\/uploads\/2016\/07\/10626084-close-up-de-l-argent-euro.jpg","type":"image\/jpeg"}],"author":"webcsfv","twitter_card":"summary_large_image","twitter_misc":{"\u00c9crit par":"webcsfv","Dur\u00e9e de lecture estim\u00e9e":"1 minute"},"schema":{"@context":"https:\/\/schema.org","@graph":[{"@type":"Article","@id":"https:\/\/www.cftc-afr.fr\/index.php\/2016\/07\/19\/ephad-maisons-de-retraite-droits-residents\/#article","isPartOf":{"@id":"https:\/\/www.cftc-afr.fr\/index.php\/2016\/07\/19\/ephad-maisons-de-retraite-droits-residents\/"},"author":{"name":"webcsfv","@id":"https:\/\/www.cftc-afr.fr\/#\/schema\/person\/053652abb78394970ba2d8c835ee0de7"},"headline":"EPHAD et MAISONS de RETRAITE\u00a0:\u00a0 les DROITS des RESIDENTS","datePublished":"2016-07-19T10:10:14+00:00","dateModified":"2016-08-18T09:19:47+00:00","mainEntityOfPage":{"@id":"https:\/\/www.cftc-afr.fr\/index.php\/2016\/07\/19\/ephad-maisons-de-retraite-droits-residents\/"},"wordCount":145,"image":{"@id":"https:\/\/www.cftc-afr.fr\/index.php\/2016\/07\/19\/ephad-maisons-de-retraite-droits-residents\/#primaryimage"},"thumbnailUrl":"https:\/\/www.cftc-afr.fr\/wp-content\/uploads\/2016\/07\/10626084-close-up-de-l-argent-euro.jpg","articleSection":["Actualit\u00e9s"],"inLanguage":"fr-FR"},{"@type":"WebPage","@id":"https:\/\/www.cftc-afr.fr\/index.php\/2016\/07\/19\/ephad-maisons-de-retraite-droits-residents\/","url":"https:\/\/www.cftc-afr.fr\/index.php\/2016\/07\/19\/ephad-maisons-de-retraite-droits-residents\/","name":"EPHAD et MAISONS de RETRAITE\u00a0:\u00a0 les DROITS des RESIDENTS - CFTC-AFR","isPartOf":{"@id":"https:\/\/www.cftc-afr.fr\/#website"},"primaryImageOfPage":{"@id":"https:\/\/www.cftc-afr.fr\/index.php\/2016\/07\/19\/ephad-maisons-de-retraite-droits-residents\/#primaryimage"},"image":{"@id":"https:\/\/www.cftc-afr.fr\/index.php\/2016\/07\/19\/ephad-maisons-de-retraite-droits-residents\/#primaryimage"},"thumbnailUrl":"https:\/\/www.cftc-afr.fr\/wp-content\/uploads\/2016\/07\/10626084-close-up-de-l-argent-euro.jpg","datePublished":"2016-07-19T10:10:14+00:00","dateModified":"2016-08-18T09:19:47+00:00","author":{"@id":"https:\/\/www.cftc-afr.fr\/#\/schema\/person\/053652abb78394970ba2d8c835ee0de7"},"breadcrumb":{"@id":"https:\/\/www.cftc-afr.fr\/index.php\/2016\/07\/19\/ephad-maisons-de-retraite-droits-residents\/#breadcrumb"},"inLanguage":"fr-FR","potentialAction":[{"@type":"ReadAction","target":["https:\/\/www.cftc-afr.fr\/index.php\/2016\/07\/19\/ephad-maisons-de-retraite-droits-residents\/"]}]},{"@type":"ImageObject","inLanguage":"fr-FR","@id":"https:\/\/www.cftc-afr.fr\/index.php\/2016\/07\/19\/ephad-maisons-de-retraite-droits-residents\/#primaryimage","url":"https:\/\/www.cftc-afr.fr\/wp-content\/uploads\/2016\/07\/10626084-close-up-de-l-argent-euro.jpg","contentUrl":"https:\/\/www.cftc-afr.fr\/wp-content\/uploads\/2016\/07\/10626084-close-up-de-l-argent-euro.jpg","width":200,"height":200,"caption":"Revenu"},{"@type":"BreadcrumbList","@id":"https:\/\/www.cftc-afr.fr\/index.php\/2016\/07\/19\/ephad-maisons-de-retraite-droits-residents\/#breadcrumb","itemListElement":[{"@type":"ListItem","position":1,"name":"Accueil","item":"https:\/\/www.cftc-afr.fr\/"},{"@type":"ListItem","position":2,"name":"EPHAD et MAISONS de RETRAITE\u00a0:\u00a0 les DROITS des RESIDENTS"}]},{"@type":"WebSite","@id":"https:\/\/www.cftc-afr.fr\/#website","url":"https:\/\/www.cftc-afr.fr\/","name":"CFTC-AFR","description":"La vie \u00e0 d\u00e9fendre","potentialAction":[{"@type":"SearchAction","target":{"@type":"EntryPoint","urlTemplate":"https:\/\/www.cftc-afr.fr\/?s={search_term_string}"},"query-input":{"@type":"PropertyValueSpecification","valueRequired":true,"valueName":"search_term_string"}}],"inLanguage":"fr-FR"},{"@type":"Person","@id":"https:\/\/www.cftc-afr.fr\/#\/schema\/person\/053652abb78394970ba2d8c835ee0de7","name":"webcsfv","image":{"@type":"ImageObject","inLanguage":"fr-FR","@id":"https:\/\/secure.gravatar.com\/avatar\/3d8bf08c8feaca537ce41c2b95cec6c85a8036a1687877b5eb7cb09dcb9b6f06?s=96&d=mm&r=g","url":"https:\/\/secure.gravatar.com\/avatar\/3d8bf08c8feaca537ce41c2b95cec6c85a8036a1687877b5eb7cb09dcb9b6f06?s=96&d=mm&r=g","contentUrl":"https:\/\/secure.gravatar.com\/avatar\/3d8bf08c8feaca537ce41c2b95cec6c85a8036a1687877b5eb7cb09dcb9b6f06?s=96&d=mm&r=g","caption":"webcsfv"},"url":"https:\/\/www.cftc-afr.fr\/index.php\/author\/webcsfv\/"}]}},"jetpack_publicize_connections":[],"jetpack_featured_media_url":"https:\/\/www.cftc-afr.fr\/wp-content\/uploads\/2016\/07\/10626084-close-up-de-l-argent-euro.jpg","jetpack_sharing_enabled":true,"jetpack_shortlink":"https:\/\/wp.me\/pauKx7-3k","_links":{"self":[{"href":"https:\/\/www.cftc-afr.fr\/index.php\/wp-json\/wp\/v2\/posts\/206","targetHints":{"allow":["GET"]}}],"collection":[{"href":"https:\/\/www.cftc-afr.fr\/index.php\/wp-json\/wp\/v2\/posts"}],"about":[{"href":"https:\/\/www.cftc-afr.fr\/index.php\/wp-json\/wp\/v2\/types\/post"}],"author":[{"embeddable":true,"href":"https:\/\/www.cftc-afr.fr\/index.php\/wp-json\/wp\/v2\/users\/1"}],"replies":[{"embeddable":true,"href":"https:\/\/www.cftc-afr.fr\/index.php\/wp-json\/wp\/v2\/comments?post=206"}],"version-history":[{"count":3,"href":"https:\/\/www.cftc-afr.fr\/index.php\/wp-json\/wp\/v2\/posts\/206\/revisions"}],"predecessor-version":[{"id":215,"href":"https:\/\/www.cftc-afr.fr\/index.php\/wp-json\/wp\/v2\/posts\/206\/revisions\/215"}],"wp:featuredmedia":[{"embeddable":true,"href":"https:\/\/www.cftc-afr.fr\/index.php\/wp-json\/wp\/v2\/media\/208"}],"wp:attachment":[{"href":"https:\/\/www.cftc-afr.fr\/index.php\/wp-json\/wp\/v2\/media?parent=206"}],"wp:term":[{"taxonomy":"category","embeddable":true,"href":"https:\/\/www.cftc-afr.fr\/index.php\/wp-json\/wp\/v2\/categories?post=206"},{"taxonomy":"post_tag","embeddable":true,"href":"https:\/\/www.cftc-afr.fr\/index.php\/wp-json\/wp\/v2\/tags?post=206"}],"curies":[{"name":"wp","href":"https:\/\/api.w.org\/{rel}","templated":true}]}}