{"id":196,"date":"2016-07-04T10:30:47","date_gmt":"2016-07-04T09:30:47","guid":{"rendered":"https:\/\/www.cftc-afr.fr\/?p=196"},"modified":"2016-07-05T11:11:41","modified_gmt":"2016-07-05T10:11:41","slug":"loi-portant-fin-de-vie","status":"publish","type":"post","link":"https:\/\/www.cftc-afr.fr\/index.php\/2016\/07\/04\/loi-portant-fin-de-vie\/","title":{"rendered":"Loi portant sur la fin de vie"},"content":{"rendered":"<p>Le texte, adopt\u00e9 d\u00e9finitivement le 27 janvier 2016 et promulgu\u00e9 d\u00e9finitivement le 2 F\u00e9vrier,\u00a0<strong>pr\u00e9voit les conditions de l\u2019arr\u00eat de traitements au titre du refus de l\u2019obstination d\u00e9raisonnable<\/strong> lorsqu\u2019ils apparaissent inutiles,disproportionn\u00e9s, ou qu\u2019ils n\u2019ont d\u2019autre effet que le maintien artificiel de la vie.<!--more--> Elle instaure <strong>le droit \u00e0 une s\u00e9dation profonde<\/strong> <strong>et continue jusqu\u2019au d\u00e9c\u00e8s<\/strong> associ\u00e9e \u00e0 l\u2019arr\u00eat des traitements lorsque le pronostic vital est engag\u00e9 \u00e0 court terme.<\/p>\n<p>La proposition de loi fait <strong>des directives anticip\u00e9es l\u2019expression de la volont\u00e9 de la personne <\/strong>que la maladie a mise hors d\u2019\u00e9tat de s\u2019exprimer. Les directives anticip\u00e9es s\u2019imposent au m\u00e9decin.<\/p>\n","protected":false},"excerpt":{"rendered":"<p>Le texte, adopt\u00e9 d\u00e9finitivement le 27 janvier 2016 et promulgu\u00e9 d\u00e9finitivement le 2 F\u00e9vrier,\u00a0pr\u00e9voit les conditions de l\u2019arr\u00eat de traitements au titre du refus de l\u2019obstination d\u00e9raisonnable lorsqu\u2019ils apparaissent inutiles,disproportionn\u00e9s, ou qu\u2019ils n\u2019ont d\u2019autre effet que le maintien artificiel de la vie.<\/p>\n","protected":false},"author":1,"featured_media":198,"comment_status":"closed","ping_status":"closed","sticky":false,"template":"","format":"standard","meta":{"jetpack_post_was_ever_published":false,"_jetpack_newsletter_access":"","_jetpack_dont_email_post_to_subs":false,"_jetpack_newsletter_tier_id":0,"_jetpack_memberships_contains_paywalled_content":false,"_jetpack_memberships_contains_paid_content":false,"footnotes":"","jetpack_publicize_message":"","jetpack_publicize_feature_enabled":true,"jetpack_social_post_already_shared":false,"jetpack_social_options":{"image_generator_settings":{"template":"highway","default_image_id":0,"font":"","enabled":false},"version":2}},"categories":[4],"tags":[],"class_list":["post-196","post","type-post","status-publish","format-standard","has-post-thumbnail","hentry","category-actualites"],"yoast_head":"<!-- This site is optimized with the Yoast SEO plugin v27.5 - https:\/\/yoast.com\/product\/yoast-seo-wordpress\/ -->\n<title>Loi portant sur la fin de vie - CFTC-AFR<\/title>\n<meta name=\"robots\" content=\"index, follow, max-snippet:-1, max-image-preview:large, max-video-preview:-1\" \/>\n<link rel=\"canonical\" href=\"https:\/\/www.cftc-afr.fr\/index.php\/2016\/07\/04\/loi-portant-fin-de-vie\/\" \/>\n<meta property=\"og:locale\" content=\"fr_FR\" \/>\n<meta property=\"og:type\" content=\"article\" \/>\n<meta property=\"og:title\" content=\"Loi portant sur la fin de vie - CFTC-AFR\" \/>\n<meta property=\"og:description\" content=\"Le texte, adopt\u00e9 d\u00e9finitivement le 27 janvier 2016 et promulgu\u00e9 d\u00e9finitivement le 2 F\u00e9vrier,\u00a0pr\u00e9voit les conditions de l\u2019arr\u00eat de traitements au titre du refus de l\u2019obstination d\u00e9raisonnable lorsqu\u2019ils apparaissent inutiles,disproportionn\u00e9s, ou qu\u2019ils n\u2019ont d\u2019autre effet que le maintien artificiel de la vie.\" \/>\n<meta property=\"og:url\" content=\"https:\/\/www.cftc-afr.fr\/index.php\/2016\/07\/04\/loi-portant-fin-de-vie\/\" \/>\n<meta property=\"og:site_name\" content=\"CFTC-AFR\" \/>\n<meta property=\"article:published_time\" content=\"2016-07-04T09:30:47+00:00\" \/>\n<meta property=\"article:modified_time\" content=\"2016-07-05T10:11:41+00:00\" \/>\n<meta property=\"og:image\" content=\"https:\/\/www.cftc-afr.fr\/wp-content\/uploads\/2016\/07\/fin-de-vie.jpg\" \/>\n\t<meta property=\"og:image:width\" content=\"200\" \/>\n\t<meta property=\"og:image:height\" content=\"200\" \/>\n\t<meta property=\"og:image:type\" content=\"image\/jpeg\" \/>\n<meta name=\"author\" content=\"webcsfv\" \/>\n<meta name=\"twitter:card\" content=\"summary_large_image\" \/>\n<meta name=\"twitter:label1\" content=\"\u00c9crit par\" \/>\n\t<meta name=\"twitter:data1\" content=\"webcsfv\" \/>\n\t<meta name=\"twitter:label2\" content=\"Dur\u00e9e de lecture estim\u00e9e\" \/>\n\t<meta name=\"twitter:data2\" content=\"1 minute\" \/>\n<script type=\"application\/ld+json\" class=\"yoast-schema-graph\">{\"@context\":\"https:\\\/\\\/schema.org\",\"@graph\":[{\"@type\":\"Article\",\"@id\":\"https:\\\/\\\/www.cftc-afr.fr\\\/index.php\\\/2016\\\/07\\\/04\\\/loi-portant-fin-de-vie\\\/#article\",\"isPartOf\":{\"@id\":\"https:\\\/\\\/www.cftc-afr.fr\\\/index.php\\\/2016\\\/07\\\/04\\\/loi-portant-fin-de-vie\\\/\"},\"author\":{\"name\":\"webcsfv\",\"@id\":\"https:\\\/\\\/www.cftc-afr.fr\\\/#\\\/schema\\\/person\\\/053652abb78394970ba2d8c835ee0de7\"},\"headline\":\"Loi portant sur la fin de vie\",\"datePublished\":\"2016-07-04T09:30:47+00:00\",\"dateModified\":\"2016-07-05T10:11:41+00:00\",\"mainEntityOfPage\":{\"@id\":\"https:\\\/\\\/www.cftc-afr.fr\\\/index.php\\\/2016\\\/07\\\/04\\\/loi-portant-fin-de-vie\\\/\"},\"wordCount\":128,\"image\":{\"@id\":\"https:\\\/\\\/www.cftc-afr.fr\\\/index.php\\\/2016\\\/07\\\/04\\\/loi-portant-fin-de-vie\\\/#primaryimage\"},\"thumbnailUrl\":\"https:\\\/\\\/www.cftc-afr.fr\\\/wp-content\\\/uploads\\\/2016\\\/07\\\/fin-de-vie.jpg\",\"articleSection\":[\"Actualit\u00e9s\"],\"inLanguage\":\"fr-FR\"},{\"@type\":\"WebPage\",\"@id\":\"https:\\\/\\\/www.cftc-afr.fr\\\/index.php\\\/2016\\\/07\\\/04\\\/loi-portant-fin-de-vie\\\/\",\"url\":\"https:\\\/\\\/www.cftc-afr.fr\\\/index.php\\\/2016\\\/07\\\/04\\\/loi-portant-fin-de-vie\\\/\",\"name\":\"Loi portant sur la fin de vie - CFTC-AFR\",\"isPartOf\":{\"@id\":\"https:\\\/\\\/www.cftc-afr.fr\\\/#website\"},\"primaryImageOfPage\":{\"@id\":\"https:\\\/\\\/www.cftc-afr.fr\\\/index.php\\\/2016\\\/07\\\/04\\\/loi-portant-fin-de-vie\\\/#primaryimage\"},\"image\":{\"@id\":\"https:\\\/\\\/www.cftc-afr.fr\\\/index.php\\\/2016\\\/07\\\/04\\\/loi-portant-fin-de-vie\\\/#primaryimage\"},\"thumbnailUrl\":\"https:\\\/\\\/www.cftc-afr.fr\\\/wp-content\\\/uploads\\\/2016\\\/07\\\/fin-de-vie.jpg\",\"datePublished\":\"2016-07-04T09:30:47+00:00\",\"dateModified\":\"2016-07-05T10:11:41+00:00\",\"author\":{\"@id\":\"https:\\\/\\\/www.cftc-afr.fr\\\/#\\\/schema\\\/person\\\/053652abb78394970ba2d8c835ee0de7\"},\"breadcrumb\":{\"@id\":\"https:\\\/\\\/www.cftc-afr.fr\\\/index.php\\\/2016\\\/07\\\/04\\\/loi-portant-fin-de-vie\\\/#breadcrumb\"},\"inLanguage\":\"fr-FR\",\"potentialAction\":[{\"@type\":\"ReadAction\",\"target\":[\"https:\\\/\\\/www.cftc-afr.fr\\\/index.php\\\/2016\\\/07\\\/04\\\/loi-portant-fin-de-vie\\\/\"]}]},{\"@type\":\"ImageObject\",\"inLanguage\":\"fr-FR\",\"@id\":\"https:\\\/\\\/www.cftc-afr.fr\\\/index.php\\\/2016\\\/07\\\/04\\\/loi-portant-fin-de-vie\\\/#primaryimage\",\"url\":\"https:\\\/\\\/www.cftc-afr.fr\\\/wp-content\\\/uploads\\\/2016\\\/07\\\/fin-de-vie.jpg\",\"contentUrl\":\"https:\\\/\\\/www.cftc-afr.fr\\\/wp-content\\\/uploads\\\/2016\\\/07\\\/fin-de-vie.jpg\",\"width\":200,\"height\":200},{\"@type\":\"BreadcrumbList\",\"@id\":\"https:\\\/\\\/www.cftc-afr.fr\\\/index.php\\\/2016\\\/07\\\/04\\\/loi-portant-fin-de-vie\\\/#breadcrumb\",\"itemListElement\":[{\"@type\":\"ListItem\",\"position\":1,\"name\":\"Accueil\",\"item\":\"https:\\\/\\\/www.cftc-afr.fr\\\/\"},{\"@type\":\"ListItem\",\"position\":2,\"name\":\"Loi portant sur la fin de vie\"}]},{\"@type\":\"WebSite\",\"@id\":\"https:\\\/\\\/www.cftc-afr.fr\\\/#website\",\"url\":\"https:\\\/\\\/www.cftc-afr.fr\\\/\",\"name\":\"CFTC-AFR\",\"description\":\"La vie \u00e0 d\u00e9fendre\",\"potentialAction\":[{\"@type\":\"SearchAction\",\"target\":{\"@type\":\"EntryPoint\",\"urlTemplate\":\"https:\\\/\\\/www.cftc-afr.fr\\\/?s={search_term_string}\"},\"query-input\":{\"@type\":\"PropertyValueSpecification\",\"valueRequired\":true,\"valueName\":\"search_term_string\"}}],\"inLanguage\":\"fr-FR\"},{\"@type\":\"Person\",\"@id\":\"https:\\\/\\\/www.cftc-afr.fr\\\/#\\\/schema\\\/person\\\/053652abb78394970ba2d8c835ee0de7\",\"name\":\"webcsfv\",\"image\":{\"@type\":\"ImageObject\",\"inLanguage\":\"fr-FR\",\"@id\":\"https:\\\/\\\/secure.gravatar.com\\\/avatar\\\/3d8bf08c8feaca537ce41c2b95cec6c85a8036a1687877b5eb7cb09dcb9b6f06?s=96&d=mm&r=g\",\"url\":\"https:\\\/\\\/secure.gravatar.com\\\/avatar\\\/3d8bf08c8feaca537ce41c2b95cec6c85a8036a1687877b5eb7cb09dcb9b6f06?s=96&d=mm&r=g\",\"contentUrl\":\"https:\\\/\\\/secure.gravatar.com\\\/avatar\\\/3d8bf08c8feaca537ce41c2b95cec6c85a8036a1687877b5eb7cb09dcb9b6f06?s=96&d=mm&r=g\",\"caption\":\"webcsfv\"},\"url\":\"https:\\\/\\\/www.cftc-afr.fr\\\/index.php\\\/author\\\/webcsfv\\\/\"}]}<\/script>\n<!-- \/ Yoast SEO plugin. -->","yoast_head_json":{"title":"Loi portant sur la fin de vie - CFTC-AFR","robots":{"index":"index","follow":"follow","max-snippet":"max-snippet:-1","max-image-preview":"max-image-preview:large","max-video-preview":"max-video-preview:-1"},"canonical":"https:\/\/www.cftc-afr.fr\/index.php\/2016\/07\/04\/loi-portant-fin-de-vie\/","og_locale":"fr_FR","og_type":"article","og_title":"Loi portant sur la fin de vie - CFTC-AFR","og_description":"Le texte, adopt\u00e9 d\u00e9finitivement le 27 janvier 2016 et promulgu\u00e9 d\u00e9finitivement le 2 F\u00e9vrier,\u00a0pr\u00e9voit les conditions de l\u2019arr\u00eat de traitements au titre du refus de l\u2019obstination d\u00e9raisonnable lorsqu\u2019ils apparaissent inutiles,disproportionn\u00e9s, ou qu\u2019ils n\u2019ont d\u2019autre effet que le maintien artificiel de la vie.","og_url":"https:\/\/www.cftc-afr.fr\/index.php\/2016\/07\/04\/loi-portant-fin-de-vie\/","og_site_name":"CFTC-AFR","article_published_time":"2016-07-04T09:30:47+00:00","article_modified_time":"2016-07-05T10:11:41+00:00","og_image":[{"width":200,"height":200,"url":"https:\/\/www.cftc-afr.fr\/wp-content\/uploads\/2016\/07\/fin-de-vie.jpg","type":"image\/jpeg"}],"author":"webcsfv","twitter_card":"summary_large_image","twitter_misc":{"\u00c9crit par":"webcsfv","Dur\u00e9e de lecture estim\u00e9e":"1 minute"},"schema":{"@context":"https:\/\/schema.org","@graph":[{"@type":"Article","@id":"https:\/\/www.cftc-afr.fr\/index.php\/2016\/07\/04\/loi-portant-fin-de-vie\/#article","isPartOf":{"@id":"https:\/\/www.cftc-afr.fr\/index.php\/2016\/07\/04\/loi-portant-fin-de-vie\/"},"author":{"name":"webcsfv","@id":"https:\/\/www.cftc-afr.fr\/#\/schema\/person\/053652abb78394970ba2d8c835ee0de7"},"headline":"Loi portant sur la fin de vie","datePublished":"2016-07-04T09:30:47+00:00","dateModified":"2016-07-05T10:11:41+00:00","mainEntityOfPage":{"@id":"https:\/\/www.cftc-afr.fr\/index.php\/2016\/07\/04\/loi-portant-fin-de-vie\/"},"wordCount":128,"image":{"@id":"https:\/\/www.cftc-afr.fr\/index.php\/2016\/07\/04\/loi-portant-fin-de-vie\/#primaryimage"},"thumbnailUrl":"https:\/\/www.cftc-afr.fr\/wp-content\/uploads\/2016\/07\/fin-de-vie.jpg","articleSection":["Actualit\u00e9s"],"inLanguage":"fr-FR"},{"@type":"WebPage","@id":"https:\/\/www.cftc-afr.fr\/index.php\/2016\/07\/04\/loi-portant-fin-de-vie\/","url":"https:\/\/www.cftc-afr.fr\/index.php\/2016\/07\/04\/loi-portant-fin-de-vie\/","name":"Loi portant sur la fin de vie - CFTC-AFR","isPartOf":{"@id":"https:\/\/www.cftc-afr.fr\/#website"},"primaryImageOfPage":{"@id":"https:\/\/www.cftc-afr.fr\/index.php\/2016\/07\/04\/loi-portant-fin-de-vie\/#primaryimage"},"image":{"@id":"https:\/\/www.cftc-afr.fr\/index.php\/2016\/07\/04\/loi-portant-fin-de-vie\/#primaryimage"},"thumbnailUrl":"https:\/\/www.cftc-afr.fr\/wp-content\/uploads\/2016\/07\/fin-de-vie.jpg","datePublished":"2016-07-04T09:30:47+00:00","dateModified":"2016-07-05T10:11:41+00:00","author":{"@id":"https:\/\/www.cftc-afr.fr\/#\/schema\/person\/053652abb78394970ba2d8c835ee0de7"},"breadcrumb":{"@id":"https:\/\/www.cftc-afr.fr\/index.php\/2016\/07\/04\/loi-portant-fin-de-vie\/#breadcrumb"},"inLanguage":"fr-FR","potentialAction":[{"@type":"ReadAction","target":["https:\/\/www.cftc-afr.fr\/index.php\/2016\/07\/04\/loi-portant-fin-de-vie\/"]}]},{"@type":"ImageObject","inLanguage":"fr-FR","@id":"https:\/\/www.cftc-afr.fr\/index.php\/2016\/07\/04\/loi-portant-fin-de-vie\/#primaryimage","url":"https:\/\/www.cftc-afr.fr\/wp-content\/uploads\/2016\/07\/fin-de-vie.jpg","contentUrl":"https:\/\/www.cftc-afr.fr\/wp-content\/uploads\/2016\/07\/fin-de-vie.jpg","width":200,"height":200},{"@type":"BreadcrumbList","@id":"https:\/\/www.cftc-afr.fr\/index.php\/2016\/07\/04\/loi-portant-fin-de-vie\/#breadcrumb","itemListElement":[{"@type":"ListItem","position":1,"name":"Accueil","item":"https:\/\/www.cftc-afr.fr\/"},{"@type":"ListItem","position":2,"name":"Loi portant sur la fin de vie"}]},{"@type":"WebSite","@id":"https:\/\/www.cftc-afr.fr\/#website","url":"https:\/\/www.cftc-afr.fr\/","name":"CFTC-AFR","description":"La vie \u00e0 d\u00e9fendre","potentialAction":[{"@type":"SearchAction","target":{"@type":"EntryPoint","urlTemplate":"https:\/\/www.cftc-afr.fr\/?s={search_term_string}"},"query-input":{"@type":"PropertyValueSpecification","valueRequired":true,"valueName":"search_term_string"}}],"inLanguage":"fr-FR"},{"@type":"Person","@id":"https:\/\/www.cftc-afr.fr\/#\/schema\/person\/053652abb78394970ba2d8c835ee0de7","name":"webcsfv","image":{"@type":"ImageObject","inLanguage":"fr-FR","@id":"https:\/\/secure.gravatar.com\/avatar\/3d8bf08c8feaca537ce41c2b95cec6c85a8036a1687877b5eb7cb09dcb9b6f06?s=96&d=mm&r=g","url":"https:\/\/secure.gravatar.com\/avatar\/3d8bf08c8feaca537ce41c2b95cec6c85a8036a1687877b5eb7cb09dcb9b6f06?s=96&d=mm&r=g","contentUrl":"https:\/\/secure.gravatar.com\/avatar\/3d8bf08c8feaca537ce41c2b95cec6c85a8036a1687877b5eb7cb09dcb9b6f06?s=96&d=mm&r=g","caption":"webcsfv"},"url":"https:\/\/www.cftc-afr.fr\/index.php\/author\/webcsfv\/"}]}},"jetpack_publicize_connections":[],"jetpack_featured_media_url":"https:\/\/www.cftc-afr.fr\/wp-content\/uploads\/2016\/07\/fin-de-vie.jpg","jetpack_sharing_enabled":true,"jetpack_shortlink":"https:\/\/wp.me\/pauKx7-3a","_links":{"self":[{"href":"https:\/\/www.cftc-afr.fr\/index.php\/wp-json\/wp\/v2\/posts\/196","targetHints":{"allow":["GET"]}}],"collection":[{"href":"https:\/\/www.cftc-afr.fr\/index.php\/wp-json\/wp\/v2\/posts"}],"about":[{"href":"https:\/\/www.cftc-afr.fr\/index.php\/wp-json\/wp\/v2\/types\/post"}],"author":[{"embeddable":true,"href":"https:\/\/www.cftc-afr.fr\/index.php\/wp-json\/wp\/v2\/users\/1"}],"replies":[{"embeddable":true,"href":"https:\/\/www.cftc-afr.fr\/index.php\/wp-json\/wp\/v2\/comments?post=196"}],"version-history":[{"count":1,"href":"https:\/\/www.cftc-afr.fr\/index.php\/wp-json\/wp\/v2\/posts\/196\/revisions"}],"predecessor-version":[{"id":197,"href":"https:\/\/www.cftc-afr.fr\/index.php\/wp-json\/wp\/v2\/posts\/196\/revisions\/197"}],"wp:featuredmedia":[{"embeddable":true,"href":"https:\/\/www.cftc-afr.fr\/index.php\/wp-json\/wp\/v2\/media\/198"}],"wp:attachment":[{"href":"https:\/\/www.cftc-afr.fr\/index.php\/wp-json\/wp\/v2\/media?parent=196"}],"wp:term":[{"taxonomy":"category","embeddable":true,"href":"https:\/\/www.cftc-afr.fr\/index.php\/wp-json\/wp\/v2\/categories?post=196"},{"taxonomy":"post_tag","embeddable":true,"href":"https:\/\/www.cftc-afr.fr\/index.php\/wp-json\/wp\/v2\/tags?post=196"}],"curies":[{"name":"wp","href":"https:\/\/api.w.org\/{rel}","templated":true}]}}