{"id":138,"date":"2016-05-03T09:42:50","date_gmt":"2016-05-03T08:42:50","guid":{"rendered":"https:\/\/www.cftc-afr.fr\/?p=138"},"modified":"2016-07-05T11:12:00","modified_gmt":"2016-07-05T10:12:00","slug":"retour-lassemblee-generale","status":"publish","type":"post","link":"https:\/\/www.cftc-afr.fr\/index.php\/2016\/05\/03\/retour-lassemblee-generale\/","title":{"rendered":"Retour sur l\u2019assembl\u00e9e g\u00e9n\u00e9rale"},"content":{"rendered":"<p style=\"text-align: center;\">Comme nous l\u2019avons \u00e9voqu\u00e9 dans notre derni\u00e8re feuille de choux, notre assembl\u00e9e\u00a0g\u00e9n\u00e9rale s\u2019est d\u00e9roul\u00e9e sur 2 jours : les 16 et 17 mars 2016.<\/p>\n<p>45 membres \u2013 soit 75% de ses adh\u00e9rents \u2013 venus de tous les coins de France &#8211; \u00e9taient pr\u00e9sents, prouvant ainsi la bonne sant\u00e9 de notre Association.<!--more--><\/p>\n<h3><span style=\"color: #0074bb;\">RETOUR SUR CES 2 JOURN\u00c9ES RICHES EN \u00c9CHANGE ET EN PARTAGE<\/span><\/h3>\n<p>D\u00e9roulement de la premi\u00e8re journ\u00e9e \u00ab dite festive \u00bb :<br \/>\n<span style=\"text-decoration: underline;\">Apr\u00e8s midi :<\/span><\/p>\n<p style=\"padding-left: 30px;\"><strong><span style=\"color: #0074bb;\">Visite quartier Latin<\/span><\/strong>, sous la houlette de Jean BECQUERET, en t\u00eate du cort\u00e8ge, et\u00a0Claude BEAUSIRE, en queue de peloton\u2026<\/p>\n<p style=\"padding-left: 30px;\"><strong><span style=\"color: #0074bb;\">Passage devant la Cath\u00e9drale Notre Dame de Paris<\/span><\/strong>, puis ballade \u00e0 travers le march\u00e9\u00a0aux fleurs ;<\/p>\n<p style=\"padding-left: 30px;\"><strong><span style=\"color: #0074bb;\">Arriv\u00e9e au \u00ab Coll\u00e8ge des Bernardins \u00bb repas et visite<\/span><\/strong> : apr\u00e8s des ann\u00e9es d\u2019une\u00a0restauration exemplaire, d\u2019une sobre modernisation sign\u00e9e \u00ab Wilmotte \u00bb l\u2019ancien \u00e9difice\u00a0qui servait de lieu de formation aux moines cisterciens fond\u00e9 au XII\u00e8me si\u00e8cle, s\u2019ouvre\u00a0au public au c\u0153ur du&#8230;<\/p>\n<hr \/>\n<p style=\"text-align: center;\">Retrouvez la suite de cet article dans le communiqu\u00e9 de l&rsquo;AFR-CSFV :<br \/>\n<strong><a href=\"https:\/\/www.cftc-afr.fr\/wp-content\/uploads\/2016\/05\/AG_2016.pdf\" target=\"_blank\">RETOUR SUR CES 2 JOURN\u00c9ES RICHES<\/a><\/strong><\/p>\n<hr \/>\n<h3 style=\"text-align: left;\"><span style=\"color: #0074bb;\">Les deux journ\u00e9es en photos<\/span><\/h3>\n<p style=\"text-align: center;\">Cliquez sur les photos pour les voir en grand.<\/p>\n<p style=\"text-align: center;\"><\/p>\n","protected":false},"excerpt":{"rendered":"<p>Comme nous l\u2019avons \u00e9voqu\u00e9 dans notre derni\u00e8re feuille de choux, notre assembl\u00e9e\u00a0g\u00e9n\u00e9rale s\u2019est d\u00e9roul\u00e9e sur 2 jours : les 16 et 17 mars 2016. 45 membres \u2013 soit 75% de ses adh\u00e9rents \u2013 venus de tous les coins de France &#8211; \u00e9taient pr\u00e9sents, prouvant ainsi la bonne sant\u00e9 de notre Association.<\/p>\n","protected":false},"author":1,"featured_media":147,"comment_status":"closed","ping_status":"closed","sticky":false,"template":"","format":"standard","meta":{"jetpack_post_was_ever_published":false,"_jetpack_newsletter_access":"","_jetpack_dont_email_post_to_subs":false,"_jetpack_newsletter_tier_id":0,"_jetpack_memberships_contains_paywalled_content":false,"_jetpack_memberships_contains_paid_content":false,"footnotes":"","jetpack_publicize_message":"","jetpack_publicize_feature_enabled":true,"jetpack_social_post_already_shared":false,"jetpack_social_options":{"image_generator_settings":{"template":"highway","default_image_id":0,"font":"","enabled":false},"version":2}},"categories":[4],"tags":[],"class_list":["post-138","post","type-post","status-publish","format-standard","has-post-thumbnail","hentry","category-actualites"],"yoast_head":"<!-- This site is optimized with the Yoast SEO plugin v27.5 - https:\/\/yoast.com\/product\/yoast-seo-wordpress\/ -->\n<title>Retour sur l\u2019assembl\u00e9e g\u00e9n\u00e9rale - CFTC-AFR<\/title>\n<meta name=\"robots\" content=\"index, follow, max-snippet:-1, max-image-preview:large, max-video-preview:-1\" \/>\n<link rel=\"canonical\" href=\"https:\/\/www.cftc-afr.fr\/index.php\/2016\/05\/03\/retour-lassemblee-generale\/\" \/>\n<meta property=\"og:locale\" content=\"fr_FR\" \/>\n<meta property=\"og:type\" content=\"article\" \/>\n<meta property=\"og:title\" content=\"Retour sur l\u2019assembl\u00e9e g\u00e9n\u00e9rale - CFTC-AFR\" \/>\n<meta property=\"og:description\" content=\"Comme nous l\u2019avons \u00e9voqu\u00e9 dans notre derni\u00e8re feuille de choux, notre assembl\u00e9e\u00a0g\u00e9n\u00e9rale s\u2019est d\u00e9roul\u00e9e sur 2 jours : les 16 et 17 mars 2016. 45 membres \u2013 soit 75% de ses adh\u00e9rents \u2013 venus de tous les coins de France &#8211; \u00e9taient pr\u00e9sents, prouvant ainsi la bonne sant\u00e9 de notre Association.\" \/>\n<meta property=\"og:url\" content=\"https:\/\/www.cftc-afr.fr\/index.php\/2016\/05\/03\/retour-lassemblee-generale\/\" \/>\n<meta property=\"og:site_name\" content=\"CFTC-AFR\" \/>\n<meta property=\"article:published_time\" content=\"2016-05-03T08:42:50+00:00\" \/>\n<meta property=\"article:modified_time\" content=\"2016-07-05T10:12:00+00:00\" \/>\n<meta property=\"og:image\" content=\"https:\/\/www.cftc-afr.fr\/wp-content\/uploads\/2016\/05\/IMG_2978.jpg\" \/>\n\t<meta property=\"og:image:width\" content=\"1771\" \/>\n\t<meta property=\"og:image:height\" content=\"1181\" \/>\n\t<meta property=\"og:image:type\" content=\"image\/jpeg\" \/>\n<meta name=\"author\" content=\"webcsfv\" \/>\n<meta name=\"twitter:card\" content=\"summary_large_image\" \/>\n<meta name=\"twitter:label1\" content=\"\u00c9crit par\" \/>\n\t<meta name=\"twitter:data1\" content=\"webcsfv\" \/>\n\t<meta name=\"twitter:label2\" content=\"Dur\u00e9e de lecture estim\u00e9e\" \/>\n\t<meta name=\"twitter:data2\" content=\"1 minute\" \/>\n<script type=\"application\/ld+json\" class=\"yoast-schema-graph\">{\"@context\":\"https:\\\/\\\/schema.org\",\"@graph\":[{\"@type\":\"Article\",\"@id\":\"https:\\\/\\\/www.cftc-afr.fr\\\/index.php\\\/2016\\\/05\\\/03\\\/retour-lassemblee-generale\\\/#article\",\"isPartOf\":{\"@id\":\"https:\\\/\\\/www.cftc-afr.fr\\\/index.php\\\/2016\\\/05\\\/03\\\/retour-lassemblee-generale\\\/\"},\"author\":{\"name\":\"webcsfv\",\"@id\":\"https:\\\/\\\/www.cftc-afr.fr\\\/#\\\/schema\\\/person\\\/053652abb78394970ba2d8c835ee0de7\"},\"headline\":\"Retour sur l\u2019assembl\u00e9e g\u00e9n\u00e9rale\",\"datePublished\":\"2016-05-03T08:42:50+00:00\",\"dateModified\":\"2016-07-05T10:12:00+00:00\",\"mainEntityOfPage\":{\"@id\":\"https:\\\/\\\/www.cftc-afr.fr\\\/index.php\\\/2016\\\/05\\\/03\\\/retour-lassemblee-generale\\\/\"},\"wordCount\":209,\"image\":{\"@id\":\"https:\\\/\\\/www.cftc-afr.fr\\\/index.php\\\/2016\\\/05\\\/03\\\/retour-lassemblee-generale\\\/#primaryimage\"},\"thumbnailUrl\":\"https:\\\/\\\/www.cftc-afr.fr\\\/wp-content\\\/uploads\\\/2016\\\/05\\\/IMG_2978.jpg\",\"articleSection\":[\"Actualit\u00e9s\"],\"inLanguage\":\"fr-FR\"},{\"@type\":\"WebPage\",\"@id\":\"https:\\\/\\\/www.cftc-afr.fr\\\/index.php\\\/2016\\\/05\\\/03\\\/retour-lassemblee-generale\\\/\",\"url\":\"https:\\\/\\\/www.cftc-afr.fr\\\/index.php\\\/2016\\\/05\\\/03\\\/retour-lassemblee-generale\\\/\",\"name\":\"Retour sur l\u2019assembl\u00e9e g\u00e9n\u00e9rale - CFTC-AFR\",\"isPartOf\":{\"@id\":\"https:\\\/\\\/www.cftc-afr.fr\\\/#website\"},\"primaryImageOfPage\":{\"@id\":\"https:\\\/\\\/www.cftc-afr.fr\\\/index.php\\\/2016\\\/05\\\/03\\\/retour-lassemblee-generale\\\/#primaryimage\"},\"image\":{\"@id\":\"https:\\\/\\\/www.cftc-afr.fr\\\/index.php\\\/2016\\\/05\\\/03\\\/retour-lassemblee-generale\\\/#primaryimage\"},\"thumbnailUrl\":\"https:\\\/\\\/www.cftc-afr.fr\\\/wp-content\\\/uploads\\\/2016\\\/05\\\/IMG_2978.jpg\",\"datePublished\":\"2016-05-03T08:42:50+00:00\",\"dateModified\":\"2016-07-05T10:12:00+00:00\",\"author\":{\"@id\":\"https:\\\/\\\/www.cftc-afr.fr\\\/#\\\/schema\\\/person\\\/053652abb78394970ba2d8c835ee0de7\"},\"breadcrumb\":{\"@id\":\"https:\\\/\\\/www.cftc-afr.fr\\\/index.php\\\/2016\\\/05\\\/03\\\/retour-lassemblee-generale\\\/#breadcrumb\"},\"inLanguage\":\"fr-FR\",\"potentialAction\":[{\"@type\":\"ReadAction\",\"target\":[\"https:\\\/\\\/www.cftc-afr.fr\\\/index.php\\\/2016\\\/05\\\/03\\\/retour-lassemblee-generale\\\/\"]}]},{\"@type\":\"ImageObject\",\"inLanguage\":\"fr-FR\",\"@id\":\"https:\\\/\\\/www.cftc-afr.fr\\\/index.php\\\/2016\\\/05\\\/03\\\/retour-lassemblee-generale\\\/#primaryimage\",\"url\":\"https:\\\/\\\/www.cftc-afr.fr\\\/wp-content\\\/uploads\\\/2016\\\/05\\\/IMG_2978.jpg\",\"contentUrl\":\"https:\\\/\\\/www.cftc-afr.fr\\\/wp-content\\\/uploads\\\/2016\\\/05\\\/IMG_2978.jpg\",\"width\":1771,\"height\":1181},{\"@type\":\"BreadcrumbList\",\"@id\":\"https:\\\/\\\/www.cftc-afr.fr\\\/index.php\\\/2016\\\/05\\\/03\\\/retour-lassemblee-generale\\\/#breadcrumb\",\"itemListElement\":[{\"@type\":\"ListItem\",\"position\":1,\"name\":\"Accueil\",\"item\":\"https:\\\/\\\/www.cftc-afr.fr\\\/\"},{\"@type\":\"ListItem\",\"position\":2,\"name\":\"Retour sur l\u2019assembl\u00e9e g\u00e9n\u00e9rale\"}]},{\"@type\":\"WebSite\",\"@id\":\"https:\\\/\\\/www.cftc-afr.fr\\\/#website\",\"url\":\"https:\\\/\\\/www.cftc-afr.fr\\\/\",\"name\":\"CFTC-AFR\",\"description\":\"La vie \u00e0 d\u00e9fendre\",\"potentialAction\":[{\"@type\":\"SearchAction\",\"target\":{\"@type\":\"EntryPoint\",\"urlTemplate\":\"https:\\\/\\\/www.cftc-afr.fr\\\/?s={search_term_string}\"},\"query-input\":{\"@type\":\"PropertyValueSpecification\",\"valueRequired\":true,\"valueName\":\"search_term_string\"}}],\"inLanguage\":\"fr-FR\"},{\"@type\":\"Person\",\"@id\":\"https:\\\/\\\/www.cftc-afr.fr\\\/#\\\/schema\\\/person\\\/053652abb78394970ba2d8c835ee0de7\",\"name\":\"webcsfv\",\"image\":{\"@type\":\"ImageObject\",\"inLanguage\":\"fr-FR\",\"@id\":\"https:\\\/\\\/secure.gravatar.com\\\/avatar\\\/3d8bf08c8feaca537ce41c2b95cec6c85a8036a1687877b5eb7cb09dcb9b6f06?s=96&d=mm&r=g\",\"url\":\"https:\\\/\\\/secure.gravatar.com\\\/avatar\\\/3d8bf08c8feaca537ce41c2b95cec6c85a8036a1687877b5eb7cb09dcb9b6f06?s=96&d=mm&r=g\",\"contentUrl\":\"https:\\\/\\\/secure.gravatar.com\\\/avatar\\\/3d8bf08c8feaca537ce41c2b95cec6c85a8036a1687877b5eb7cb09dcb9b6f06?s=96&d=mm&r=g\",\"caption\":\"webcsfv\"},\"url\":\"https:\\\/\\\/www.cftc-afr.fr\\\/index.php\\\/author\\\/webcsfv\\\/\"}]}<\/script>\n<!-- \/ Yoast SEO plugin. -->","yoast_head_json":{"title":"Retour sur l\u2019assembl\u00e9e g\u00e9n\u00e9rale - CFTC-AFR","robots":{"index":"index","follow":"follow","max-snippet":"max-snippet:-1","max-image-preview":"max-image-preview:large","max-video-preview":"max-video-preview:-1"},"canonical":"https:\/\/www.cftc-afr.fr\/index.php\/2016\/05\/03\/retour-lassemblee-generale\/","og_locale":"fr_FR","og_type":"article","og_title":"Retour sur l\u2019assembl\u00e9e g\u00e9n\u00e9rale - CFTC-AFR","og_description":"Comme nous l\u2019avons \u00e9voqu\u00e9 dans notre derni\u00e8re feuille de choux, notre assembl\u00e9e\u00a0g\u00e9n\u00e9rale s\u2019est d\u00e9roul\u00e9e sur 2 jours : les 16 et 17 mars 2016. 45 membres \u2013 soit 75% de ses adh\u00e9rents \u2013 venus de tous les coins de France &#8211; \u00e9taient pr\u00e9sents, prouvant ainsi la bonne sant\u00e9 de notre Association.","og_url":"https:\/\/www.cftc-afr.fr\/index.php\/2016\/05\/03\/retour-lassemblee-generale\/","og_site_name":"CFTC-AFR","article_published_time":"2016-05-03T08:42:50+00:00","article_modified_time":"2016-07-05T10:12:00+00:00","og_image":[{"width":1771,"height":1181,"url":"https:\/\/www.cftc-afr.fr\/wp-content\/uploads\/2016\/05\/IMG_2978.jpg","type":"image\/jpeg"}],"author":"webcsfv","twitter_card":"summary_large_image","twitter_misc":{"\u00c9crit par":"webcsfv","Dur\u00e9e de lecture estim\u00e9e":"1 minute"},"schema":{"@context":"https:\/\/schema.org","@graph":[{"@type":"Article","@id":"https:\/\/www.cftc-afr.fr\/index.php\/2016\/05\/03\/retour-lassemblee-generale\/#article","isPartOf":{"@id":"https:\/\/www.cftc-afr.fr\/index.php\/2016\/05\/03\/retour-lassemblee-generale\/"},"author":{"name":"webcsfv","@id":"https:\/\/www.cftc-afr.fr\/#\/schema\/person\/053652abb78394970ba2d8c835ee0de7"},"headline":"Retour sur l\u2019assembl\u00e9e g\u00e9n\u00e9rale","datePublished":"2016-05-03T08:42:50+00:00","dateModified":"2016-07-05T10:12:00+00:00","mainEntityOfPage":{"@id":"https:\/\/www.cftc-afr.fr\/index.php\/2016\/05\/03\/retour-lassemblee-generale\/"},"wordCount":209,"image":{"@id":"https:\/\/www.cftc-afr.fr\/index.php\/2016\/05\/03\/retour-lassemblee-generale\/#primaryimage"},"thumbnailUrl":"https:\/\/www.cftc-afr.fr\/wp-content\/uploads\/2016\/05\/IMG_2978.jpg","articleSection":["Actualit\u00e9s"],"inLanguage":"fr-FR"},{"@type":"WebPage","@id":"https:\/\/www.cftc-afr.fr\/index.php\/2016\/05\/03\/retour-lassemblee-generale\/","url":"https:\/\/www.cftc-afr.fr\/index.php\/2016\/05\/03\/retour-lassemblee-generale\/","name":"Retour sur l\u2019assembl\u00e9e g\u00e9n\u00e9rale - CFTC-AFR","isPartOf":{"@id":"https:\/\/www.cftc-afr.fr\/#website"},"primaryImageOfPage":{"@id":"https:\/\/www.cftc-afr.fr\/index.php\/2016\/05\/03\/retour-lassemblee-generale\/#primaryimage"},"image":{"@id":"https:\/\/www.cftc-afr.fr\/index.php\/2016\/05\/03\/retour-lassemblee-generale\/#primaryimage"},"thumbnailUrl":"https:\/\/www.cftc-afr.fr\/wp-content\/uploads\/2016\/05\/IMG_2978.jpg","datePublished":"2016-05-03T08:42:50+00:00","dateModified":"2016-07-05T10:12:00+00:00","author":{"@id":"https:\/\/www.cftc-afr.fr\/#\/schema\/person\/053652abb78394970ba2d8c835ee0de7"},"breadcrumb":{"@id":"https:\/\/www.cftc-afr.fr\/index.php\/2016\/05\/03\/retour-lassemblee-generale\/#breadcrumb"},"inLanguage":"fr-FR","potentialAction":[{"@type":"ReadAction","target":["https:\/\/www.cftc-afr.fr\/index.php\/2016\/05\/03\/retour-lassemblee-generale\/"]}]},{"@type":"ImageObject","inLanguage":"fr-FR","@id":"https:\/\/www.cftc-afr.fr\/index.php\/2016\/05\/03\/retour-lassemblee-generale\/#primaryimage","url":"https:\/\/www.cftc-afr.fr\/wp-content\/uploads\/2016\/05\/IMG_2978.jpg","contentUrl":"https:\/\/www.cftc-afr.fr\/wp-content\/uploads\/2016\/05\/IMG_2978.jpg","width":1771,"height":1181},{"@type":"BreadcrumbList","@id":"https:\/\/www.cftc-afr.fr\/index.php\/2016\/05\/03\/retour-lassemblee-generale\/#breadcrumb","itemListElement":[{"@type":"ListItem","position":1,"name":"Accueil","item":"https:\/\/www.cftc-afr.fr\/"},{"@type":"ListItem","position":2,"name":"Retour sur l\u2019assembl\u00e9e g\u00e9n\u00e9rale"}]},{"@type":"WebSite","@id":"https:\/\/www.cftc-afr.fr\/#website","url":"https:\/\/www.cftc-afr.fr\/","name":"CFTC-AFR","description":"La vie \u00e0 d\u00e9fendre","potentialAction":[{"@type":"SearchAction","target":{"@type":"EntryPoint","urlTemplate":"https:\/\/www.cftc-afr.fr\/?s={search_term_string}"},"query-input":{"@type":"PropertyValueSpecification","valueRequired":true,"valueName":"search_term_string"}}],"inLanguage":"fr-FR"},{"@type":"Person","@id":"https:\/\/www.cftc-afr.fr\/#\/schema\/person\/053652abb78394970ba2d8c835ee0de7","name":"webcsfv","image":{"@type":"ImageObject","inLanguage":"fr-FR","@id":"https:\/\/secure.gravatar.com\/avatar\/3d8bf08c8feaca537ce41c2b95cec6c85a8036a1687877b5eb7cb09dcb9b6f06?s=96&d=mm&r=g","url":"https:\/\/secure.gravatar.com\/avatar\/3d8bf08c8feaca537ce41c2b95cec6c85a8036a1687877b5eb7cb09dcb9b6f06?s=96&d=mm&r=g","contentUrl":"https:\/\/secure.gravatar.com\/avatar\/3d8bf08c8feaca537ce41c2b95cec6c85a8036a1687877b5eb7cb09dcb9b6f06?s=96&d=mm&r=g","caption":"webcsfv"},"url":"https:\/\/www.cftc-afr.fr\/index.php\/author\/webcsfv\/"}]}},"jetpack_publicize_connections":[],"jetpack_featured_media_url":"https:\/\/www.cftc-afr.fr\/wp-content\/uploads\/2016\/05\/IMG_2978.jpg","jetpack_sharing_enabled":true,"jetpack_shortlink":"https:\/\/wp.me\/pauKx7-2e","_links":{"self":[{"href":"https:\/\/www.cftc-afr.fr\/index.php\/wp-json\/wp\/v2\/posts\/138","targetHints":{"allow":["GET"]}}],"collection":[{"href":"https:\/\/www.cftc-afr.fr\/index.php\/wp-json\/wp\/v2\/posts"}],"about":[{"href":"https:\/\/www.cftc-afr.fr\/index.php\/wp-json\/wp\/v2\/types\/post"}],"author":[{"embeddable":true,"href":"https:\/\/www.cftc-afr.fr\/index.php\/wp-json\/wp\/v2\/users\/1"}],"replies":[{"embeddable":true,"href":"https:\/\/www.cftc-afr.fr\/index.php\/wp-json\/wp\/v2\/comments?post=138"}],"version-history":[{"count":12,"href":"https:\/\/www.cftc-afr.fr\/index.php\/wp-json\/wp\/v2\/posts\/138\/revisions"}],"predecessor-version":[{"id":189,"href":"https:\/\/www.cftc-afr.fr\/index.php\/wp-json\/wp\/v2\/posts\/138\/revisions\/189"}],"wp:featuredmedia":[{"embeddable":true,"href":"https:\/\/www.cftc-afr.fr\/index.php\/wp-json\/wp\/v2\/media\/147"}],"wp:attachment":[{"href":"https:\/\/www.cftc-afr.fr\/index.php\/wp-json\/wp\/v2\/media?parent=138"}],"wp:term":[{"taxonomy":"category","embeddable":true,"href":"https:\/\/www.cftc-afr.fr\/index.php\/wp-json\/wp\/v2\/categories?post=138"},{"taxonomy":"post_tag","embeddable":true,"href":"https:\/\/www.cftc-afr.fr\/index.php\/wp-json\/wp\/v2\/tags?post=138"}],"curies":[{"name":"wp","href":"https:\/\/api.w.org\/{rel}","templated":true}]}}